{"id":275,"date":"2020-07-17T12:27:02","date_gmt":"2020-07-17T10:27:02","guid":{"rendered":"http:\/\/www.codetras.org\/?p=275"},"modified":"2020-11-09T10:05:24","modified_gmt":"2020-11-09T09:05:24","slug":"mediapart-juillet-2020-terra-fecundis-lexploitation-de-travailleurs-en-bande-organisee-visee-par-la-justice","status":"publish","type":"post","link":"https:\/\/www.codetras.org\/index.php\/2020\/07\/17\/mediapart-juillet-2020-terra-fecundis-lexploitation-de-travailleurs-en-bande-organisee-visee-par-la-justice\/","title":{"rendered":"M\u00e9diapart &#8211; Juillet 2020 &#8211; Terra Fecundis: l\u2019exploitation de travailleurs en \u00abbande organis\u00e9e\u00bb vis\u00e9e par la justice"},"content":{"rendered":"\n<p>Par Am\u00e9lie Poinsot et Mathilde Mathieu<\/p>\n\n\n\n<p><strong>Elle fournit des travailleurs migrants par milliers aux agriculteurs fran\u00e7ais. Mais Terra Fecundis, soci\u00e9t\u00e9 espagnole, sera bient\u00f4t jug\u00e9e pour une fraude massive aux r\u00e8gles sur le travail d\u00e9tach\u00e9. R\u00e9v\u00e9lations sur une affaire embl\u00e9matique d\u2019un dumping social invisibilis\u00e9&nbsp;: celui \u00e0 l\u2019\u0153uvre dans nos campagnes.<\/strong><\/p>\n\n\n\n<p>A lire dans son int\u00e9gralit\u00e9 sur M\u00e9diapart : <a href=\"https:\/\/www.mediapart.fr\/journal\/france\/170720\/terra-fecundis-l-exploitation-de-travailleurs-en-bande-organisee-visee-par-la-justice?onglet=full\">https:\/\/www.mediapart.fr\/journal\/france\/170720\/terra-fecundis-l-exploitation-de-travailleurs-en-bande-organisee-visee-par-la-justice?onglet=full<\/a><\/p>\n\n\n\n<p>Plus&nbsp;de&nbsp;6&nbsp;000&nbsp;int\u00e9rimaires&nbsp;\u00e9trangers,&nbsp;pr\u00e8s de&nbsp;500&nbsp;exploitations&nbsp;agricoles&nbsp;et&nbsp;une trentaine de&nbsp;d\u00e9partements&nbsp;concern\u00e9s&nbsp;:&nbsp;la \u00ab&nbsp;m\u00e9ga&nbsp;\u00bb&nbsp;enqu\u00eate visant&nbsp;la soci\u00e9t\u00e9 Terra Fecundis, qui devait \u00eatre jug\u00e9e en mai \u00e0 Marseille et dont le proc\u00e8s a \u00e9t\u00e9 report\u00e9 en raison de la crise sanitaire, <strong>a r\u00e9v\u00e9l\u00e9 un syst\u00e8me hors norme de d\u00e9tournement de la directive europ\u00e9enne sur le&nbsp;<em>\u00ab&nbsp;travail d\u00e9tach\u00e9&nbsp;\u00bb<\/em>&nbsp;au d\u00e9triment des droits des salari\u00e9s, voire du respect de la dignit\u00e9 humaine,<\/strong> dans les champs de fruits et l\u00e9gumes fran\u00e7ais.<\/p>\n\n\n\n<p>Comme d\u2019autres agences d\u2019int\u00e9rim espagnoles inqui\u00e9t\u00e9es par la justice hexagonale, l\u2019entreprise organise depuis des ann\u00e9es la mise \u00e0 disposition de travailleurs migrants&nbsp;aupr\u00e8s d\u2019exploitants&nbsp;du Gard, du Vaucluse&nbsp;et&nbsp;des Bouches-du-Rh\u00f4ne&nbsp;notamment,&nbsp;de fa\u00e7on massive&nbsp;\u2013&nbsp;et&nbsp;plut\u00f4t&nbsp;discr\u00e8te&nbsp;jusqu\u2019\u00e0 la&nbsp;d\u00e9couverte&nbsp;ce printemps&nbsp;<a href=\"https:\/\/www.mediapart.fr\/journal\/france\/150620\/coronavirus-arles-des-saisonniers-agricoles-confines-sans-indemnite-ni-consideration?onglet=full\">de cas de Covid-19<\/a>&nbsp;dans des&nbsp;h\u00e9bergements d\u2019ouvriers agricoles.<strong>&nbsp;Selon des pi\u00e8ces judiciaires consult\u00e9es par Mediapart, Terra Fecundis serait \u00e0 l\u2019origine d\u2019une fraude aux cotisations \u00e9valu\u00e9e, pour les seules ann\u00e9es 2012 \u00e0 2015 vis\u00e9es par l\u2019enqu\u00eate, \u00e0 112&nbsp;millions d\u2019euros, au pr\u00e9judice de la S\u00e9curit\u00e9 sociale<\/strong>.<\/p>\n\n\n\n<p>(&#8230;)<\/p>\n\n\n\n<p>Probl\u00e8me&nbsp;: \u00e0 part l\u2019existence d\u2019un si\u00e8ge social dans le sud de l\u2019Espagne, Terra Fecundis n\u2019exerce aucune activit\u00e9 ou presque dans son pays.&nbsp;<em>\u00ab&nbsp;<\/em><em>Elle est r\u00e9alis\u00e9e \u00e0 plus de 99&nbsp;% en France&nbsp;\u00bb<\/em>,&nbsp;estiment&nbsp;les gendarmes.&nbsp;Un discret appartement \u00e0 Ch\u00e2teaurenard (Bouches-du-Rh\u00f4ne) sert de bureau permanent (<em>\u00ab&nbsp;\u00e9tablissement occulte&nbsp;\u00bb&nbsp;<\/em>dans le jargon judiciaire)&nbsp;;&nbsp;au moment de l\u2019enqu\u00eate, au moins cinq salari\u00e9s se consacrent m\u00eame \u00e0 temps plein \u00e0 la gestion de la main-d\u2019\u0153uvre et aux relations avec les agriculteurs&nbsp;; bizarrement, des&nbsp;<em>\u00ab&nbsp;saisonniers&nbsp;\u00bb<\/em>&nbsp;sont plac\u00e9s sur une exploitation une ann\u00e9e enti\u00e8re\u2026<\/p>\n\n\n\n<p>Aux yeux du parquet, Terra Fecundis, dont le chiffre d\u2019affaires en France \u00e9tait \u00e9valu\u00e9 \u00e0 plus de 57&nbsp;millions d\u2019euros en 2018, aurait d\u00fb s\u2019immatriculer et r\u00e9gler ses cotisations dans l\u2019Hexagone, et a contrevenu de ce fait \u00e0 la l\u00e9gislation sur le travail d\u00e9tach\u00e9 dans des proportions encore jamais jug\u00e9es en France.<\/p>\n\n\n\n<p>Mais au-del\u00e0 de la fraude sociale, <strong>c\u2019est tout un syst\u00e8me d\u2019exploitation de personnes vuln\u00e9rables que les enqu\u00eateurs ont mis au jour,&nbsp;en particulier dans le triangle Marseille-Arles-Avignon, \u00e0 coups de perquisitions sur des lieux d\u2019h\u00e9bergement, d\u2019\u00e9coutes, d\u2019auditions de dizaines et de dizaines d\u2019int\u00e9rimaires, de mara\u00eechers et arboriculteurs fran\u00e7ais.<\/strong>&nbsp;<em>\u00ab&nbsp;Terra Fecundis privil\u00e9gie une rentabilit\u00e9 \u00e0 l\u2019exc\u00e8s&nbsp;\u00bb<\/em>, r\u00e9sument les gendarmes d\u00e8s 2016.<\/p>\n\n\n\n<p>(&#8230;) Lire l&rsquo;article du 17 juillet 2020 dans son int\u00e9gralit\u00e9 <a href=\"https:\/\/www.mediapart.fr\/journal\/france\/170720\/terra-fecundis-l-exploitation-de-travailleurs-en-bande-organisee-visee-par-la-justice?onglet=full\" data-type=\"URL\" data-id=\"https:\/\/www.mediapart.fr\/journal\/france\/170720\/terra-fecundis-l-exploitation-de-travailleurs-en-bande-organisee-visee-par-la-justice?onglet=full\">ici, sur M\u00e9diapart<\/a><\/p>\n","protected":false},"excerpt":{"rendered":"<p>Par Am\u00e9lie Poinsot et Mathilde Mathieu Elle fournit des travailleurs migrants par milliers aux agriculteurs fran\u00e7ais. Mais Terra Fecundis, soci\u00e9t\u00e9 espagnole, sera bient\u00f4t jug\u00e9e pour une fraude massive aux r\u00e8gles sur le travail d\u00e9tach\u00e9. R\u00e9v\u00e9lations sur une affaire embl\u00e9matique d\u2019un dumping social invisibilis\u00e9&nbsp;: celui \u00e0 l\u2019\u0153uvre dans nos campagnes. A lire dans son int\u00e9gralit\u00e9 sur [&hellip;]<\/p>\n","protected":false},"author":1,"featured_media":276,"comment_status":"closed","ping_status":"closed","sticky":false,"template":"","format":"standard","meta":{"_et_pb_use_builder":"","_et_pb_old_content":"","_et_gb_content_width":"","footnotes":""},"categories":[21],"tags":[11,50,51,49,26,46,24,54,25,8],"class_list":["post-275","post","type-post","status-publish","format-standard","has-post-thumbnail","hentry","category-presse","tag-bouches-du-rhone","tag-ett-laboral-terra","tag-ett-safor-temporis","tag-ett-terra-fecundis","tag-justice","tag-maillane","tag-mediapart","tag-mort-delio-maldonado","tag-provence","tag-travail-detache"],"_links":{"self":[{"href":"https:\/\/www.codetras.org\/index.php\/wp-json\/wp\/v2\/posts\/275","targetHints":{"allow":["GET"]}}],"collection":[{"href":"https:\/\/www.codetras.org\/index.php\/wp-json\/wp\/v2\/posts"}],"about":[{"href":"https:\/\/www.codetras.org\/index.php\/wp-json\/wp\/v2\/types\/post"}],"author":[{"embeddable":true,"href":"https:\/\/www.codetras.org\/index.php\/wp-json\/wp\/v2\/users\/1"}],"replies":[{"embeddable":true,"href":"https:\/\/www.codetras.org\/index.php\/wp-json\/wp\/v2\/comments?post=275"}],"version-history":[{"count":3,"href":"https:\/\/www.codetras.org\/index.php\/wp-json\/wp\/v2\/posts\/275\/revisions"}],"predecessor-version":[{"id":432,"href":"https:\/\/www.codetras.org\/index.php\/wp-json\/wp\/v2\/posts\/275\/revisions\/432"}],"wp:featuredmedia":[{"embeddable":true,"href":"https:\/\/www.codetras.org\/index.php\/wp-json\/wp\/v2\/media\/276"}],"wp:attachment":[{"href":"https:\/\/www.codetras.org\/index.php\/wp-json\/wp\/v2\/media?parent=275"}],"wp:term":[{"taxonomy":"category","embeddable":true,"href":"https:\/\/www.codetras.org\/index.php\/wp-json\/wp\/v2\/categories?post=275"},{"taxonomy":"post_tag","embeddable":true,"href":"https:\/\/www.codetras.org\/index.php\/wp-json\/wp\/v2\/tags?post=275"}],"curies":[{"name":"wp","href":"https:\/\/api.w.org\/{rel}","templated":true}]}}