{"id":295,"date":"2018-10-07T15:17:00","date_gmt":"2018-10-07T13:17:00","guid":{"rendered":"http:\/\/www.codetras.org\/?p=295"},"modified":"2020-11-09T15:20:47","modified_gmt":"2020-11-09T14:20:47","slug":"le-courrier-de-geneve-octobre-2018-loin-de-la-terre-promise","status":"publish","type":"post","link":"https:\/\/www.codetras.org\/index.php\/2018\/10\/07\/le-courrier-de-geneve-octobre-2018-loin-de-la-terre-promise\/","title":{"rendered":"Le Courrier de Gen\u00e8ve &#8211; Octobre 2018 &#8211; \u00ab\u00a0Loin de la terre promise\u00a0\u00bb"},"content":{"rendered":"\n<p>par H\u00e9l\u00e8ne Servel &amp; Tifenn Hermelin, photo Eric Besatti. \u00ab\u00a0<em>Venus d\u2019Am\u00e9rique latine, des milliers de travailleurs et travailleuses r\u00e9coltent les fruits et l\u00e9gumes de Provence. Parfois confront\u00e9s \u00e0 des employeurs malhonn\u00eates, certains ouvriers s\u2019organisent.<\/em>\u00ab\u00a0<\/p>\n\n\n\n<p>A lire dans l&rsquo;\u00e9dition du 7 octobre 2018 du Courrier de Gen\u00e8ve : <a href=\"https:\/\/lecourrier.ch\/2018\/10\/07\/loindelaterrepromise-france\/\">https:\/\/lecourrier.ch\/2018\/10\/07\/loindelaterrepromise-france\/<\/a><\/p>\n","protected":false},"excerpt":{"rendered":"<p>par H\u00e9l\u00e8ne Servel &amp; Tifenn Hermelin, photo Eric Besatti. \u00ab\u00a0Venus d\u2019Am\u00e9rique latine, des milliers de travailleurs et travailleuses r\u00e9coltent les fruits et l\u00e9gumes de Provence. Parfois confront\u00e9s \u00e0 des employeurs malhonn\u00eates, certains ouvriers s\u2019organisent.\u00ab\u00a0 A lire dans l&rsquo;\u00e9dition du 7 octobre 2018 du Courrier de Gen\u00e8ve : https:\/\/lecourrier.ch\/2018\/10\/07\/loindelaterrepromise-france\/<\/p>\n","protected":false},"author":1,"featured_media":297,"comment_status":"closed","ping_status":"closed","sticky":false,"template":"","format":"standard","meta":{"_et_pb_use_builder":"","_et_pb_old_content":"","_et_gb_content_width":"","footnotes":""},"categories":[21],"tags":[50,36,26,32,33,57,25,8],"class_list":["post-295","post","type-post","status-publish","format-standard","has-post-thumbnail","hentry","category-presse","tag-ett-laboral-terra","tag-harcelement-sexuel","tag-justice","tag-le-courrier-de-geneve","tag-luttes-des-travailleur-ses","tag-proces-des-5-darles-contre-laboral-terra","tag-provence","tag-travail-detache"],"_links":{"self":[{"href":"https:\/\/www.codetras.org\/index.php\/wp-json\/wp\/v2\/posts\/295","targetHints":{"allow":["GET"]}}],"collection":[{"href":"https:\/\/www.codetras.org\/index.php\/wp-json\/wp\/v2\/posts"}],"about":[{"href":"https:\/\/www.codetras.org\/index.php\/wp-json\/wp\/v2\/types\/post"}],"author":[{"embeddable":true,"href":"https:\/\/www.codetras.org\/index.php\/wp-json\/wp\/v2\/users\/1"}],"replies":[{"embeddable":true,"href":"https:\/\/www.codetras.org\/index.php\/wp-json\/wp\/v2\/comments?post=295"}],"version-history":[{"count":2,"href":"https:\/\/www.codetras.org\/index.php\/wp-json\/wp\/v2\/posts\/295\/revisions"}],"predecessor-version":[{"id":457,"href":"https:\/\/www.codetras.org\/index.php\/wp-json\/wp\/v2\/posts\/295\/revisions\/457"}],"wp:featuredmedia":[{"embeddable":true,"href":"https:\/\/www.codetras.org\/index.php\/wp-json\/wp\/v2\/media\/297"}],"wp:attachment":[{"href":"https:\/\/www.codetras.org\/index.php\/wp-json\/wp\/v2\/media?parent=295"}],"wp:term":[{"taxonomy":"category","embeddable":true,"href":"https:\/\/www.codetras.org\/index.php\/wp-json\/wp\/v2\/categories?post=295"},{"taxonomy":"post_tag","embeddable":true,"href":"https:\/\/www.codetras.org\/index.php\/wp-json\/wp\/v2\/tags?post=295"}],"curies":[{"name":"wp","href":"https:\/\/api.w.org\/{rel}","templated":true}]}}