{"id":355,"date":"2018-08-28T22:34:49","date_gmt":"2018-08-28T20:34:49","guid":{"rendered":"http:\/\/www.codetras.org\/?p=355"},"modified":"2020-11-09T14:25:06","modified_gmt":"2020-11-09T13:25:06","slug":"mediapart-aout-2018-surexploites-des-travailleurs-saisonniers-marocains-font-valoir-leurs-droits","status":"publish","type":"post","link":"https:\/\/www.codetras.org\/index.php\/2018\/08\/28\/mediapart-aout-2018-surexploites-des-travailleurs-saisonniers-marocains-font-valoir-leurs-droits\/","title":{"rendered":"M\u00e9diapart &#8211; Ao\u00fbt 2018 &#8211; Surexploit\u00e9s, des travailleurs saisonniers marocains font valoir leurs droits."},"content":{"rendered":"\n<p>Par P. Pascariello. <\/p>\n\n\n\n<p><em>\u00ab\u00a0<strong>En milieu rural ou agricole, \u00e0 l\u2019abri des regards, des travailleurs saisonniers marocains sont exploit\u00e9s. Quatre b\u00fbcherons,\u00a0pay\u00e9s moins de cent\u00a0euros par mois pour un plein-temps, ont obtenu justice jeudi devant les prud\u2019hommes \u00e0 Ch\u00e2teauroux. \u00c0\u00a0Arles, des ouvriers s\u2019appr\u00eatent aussi \u00e0 poursuivre leurs employeurs.<\/strong><\/em><\/p>\n\n\n\n<p><em>C&rsquo;est une d\u00e9cision assez rare. Quatre b\u00fbcherons saisonniers marocains viennent de gagner aux prud\u2019hommes contre leur ancien employeur turc Ahmet Siranli, lui-m\u00eame ancien b\u00fbcheron, install\u00e9 \u00e0&nbsp;Neuvy-Saint-S\u00e9pulchre, dans l\u2019Indre. Ce jeudi&nbsp;23&nbsp;ao\u00fbt, les juges ont constat\u00e9 des irr\u00e9gularit\u00e9s de paie et m\u00eame, certains mois, une absence de r\u00e9mun\u00e9ration. Hamid A., Driss A., Mustapha N. et Rachid A. ont obtenu chacun entre 4&nbsp;000 et 6&nbsp;000 euros en r\u00e9paration.<\/em><\/p>\n\n\n\n<p>(&#8230;.)<\/p>\n\n\n\n<p>Lire l&rsquo;int\u00e9gralit\u00e9 de l&rsquo;article de<a href=\"https:\/\/www.mediapart.fr\/journal\/france\/270818\/surexploites-des-travailleurs-saisonniers-marocains-font-valoir-leurs-droits\"> Pascale Pascariello sur M\u00e9diapart, 27 ao\u00fbt 2018<\/a><\/p>\n","protected":false},"excerpt":{"rendered":"<p>Par P. Pascariello. \u00ab\u00a0En milieu rural ou agricole, \u00e0 l\u2019abri des regards, des travailleurs saisonniers marocains sont exploit\u00e9s. Quatre b\u00fbcherons,\u00a0pay\u00e9s moins de cent\u00a0euros par mois pour un plein-temps, ont obtenu justice jeudi devant les prud\u2019hommes \u00e0 Ch\u00e2teauroux. \u00c0\u00a0Arles, des ouvriers s\u2019appr\u00eatent aussi \u00e0 poursuivre leurs employeurs. C&rsquo;est une d\u00e9cision assez rare. Quatre b\u00fbcherons saisonniers marocains [&hellip;]<\/p>\n","protected":false},"author":1,"featured_media":356,"comment_status":"closed","ping_status":"closed","sticky":false,"template":"","format":"standard","meta":{"_et_pb_use_builder":"","_et_pb_old_content":"","_et_gb_content_width":"","footnotes":""},"categories":[21],"tags":[11,40,26,33,24],"class_list":["post-355","post","type-post","status-publish","format-standard","has-post-thumbnail","hentry","category-presse","tag-bouches-du-rhone","tag-indre","tag-justice","tag-luttes-des-travailleur-ses","tag-mediapart"],"_links":{"self":[{"href":"https:\/\/www.codetras.org\/index.php\/wp-json\/wp\/v2\/posts\/355","targetHints":{"allow":["GET"]}}],"collection":[{"href":"https:\/\/www.codetras.org\/index.php\/wp-json\/wp\/v2\/posts"}],"about":[{"href":"https:\/\/www.codetras.org\/index.php\/wp-json\/wp\/v2\/types\/post"}],"author":[{"embeddable":true,"href":"https:\/\/www.codetras.org\/index.php\/wp-json\/wp\/v2\/users\/1"}],"replies":[{"embeddable":true,"href":"https:\/\/www.codetras.org\/index.php\/wp-json\/wp\/v2\/comments?post=355"}],"version-history":[{"count":2,"href":"https:\/\/www.codetras.org\/index.php\/wp-json\/wp\/v2\/posts\/355\/revisions"}],"predecessor-version":[{"id":439,"href":"https:\/\/www.codetras.org\/index.php\/wp-json\/wp\/v2\/posts\/355\/revisions\/439"}],"wp:featuredmedia":[{"embeddable":true,"href":"https:\/\/www.codetras.org\/index.php\/wp-json\/wp\/v2\/media\/356"}],"wp:attachment":[{"href":"https:\/\/www.codetras.org\/index.php\/wp-json\/wp\/v2\/media?parent=355"}],"wp:term":[{"taxonomy":"category","embeddable":true,"href":"https:\/\/www.codetras.org\/index.php\/wp-json\/wp\/v2\/categories?post=355"},{"taxonomy":"post_tag","embeddable":true,"href":"https:\/\/www.codetras.org\/index.php\/wp-json\/wp\/v2\/tags?post=355"}],"curies":[{"name":"wp","href":"https:\/\/api.w.org\/{rel}","templated":true}]}}