{"id":363,"date":"2016-09-30T23:22:12","date_gmt":"2016-09-30T21:22:12","guid":{"rendered":"http:\/\/www.codetras.org\/?p=363"},"modified":"2020-11-06T23:32:02","modified_gmt":"2020-11-06T22:32:02","slug":"france-culture-les-pieds-sur-terre-sept-2016-travail-detache-les-forcats-de-lunion-europeenne","status":"publish","type":"post","link":"https:\/\/www.codetras.org\/index.php\/2016\/09\/30\/france-culture-les-pieds-sur-terre-sept-2016-travail-detache-les-forcats-de-lunion-europeenne\/","title":{"rendered":"France Culture, Les Pieds Sur Terre &#8211; Sept 2016 &#8211; Travail d\u00e9tach\u00e9, les for\u00e7ats de l&rsquo;Union Europ\u00e9enne"},"content":{"rendered":"\n<p>Francisco et George ont \u00e9t\u00e9 recrut\u00e9s au Portugal et en Roumanie pour venir travailler en France. Ils esp\u00e9raient am\u00e9liorer leurs conditions \u00e9conomiques. Leur r\u00eave a vite tourn\u00e9 au cauchemar.<\/p>\n\n\n\n<p><strong>\u00ab Le patron, il nous disait : vous n\u2019\u00eates pas contents, j\u2019en vire 20 et j\u2019en ram\u00e8ne 40 des gens comme vous, du Portugal ! \u00bb (Francisco).<\/strong><\/p>\n\n\n\n<p><strong>\u00ab\u00a0On a mang\u00e9 des ailes de poulet qui avaient chang\u00e9 de couleur. J&rsquo;ai signal\u00e9 cela au patron. Il m&rsquo;a dit :\u00a0\u00bb si vous n&rsquo;\u00eates pas contents, mangez les souris qu&rsquo;il y a dans le bungalow !\u00a0\u00bb (George).<\/strong><\/p>\n\n\n\n<p>Un reportage de Pascale Pascariello, 28 minutes \u00e0 \u00e9couter ici :<\/p>\n\n\n\n<p><a href=\"https:\/\/www.franceculture.fr\/emissions\/les-pieds-sur-terre\/les-travailleurs-detaches-les-forcats-de-lunion-europeenne\">https:\/\/www.franceculture.fr\/emissions\/les-pieds-sur-terre\/les-travailleurs-detaches-les-forcats-de-lunion-europeenne<\/a><\/p>\n\n\n\n<p><\/p>\n","protected":false},"excerpt":{"rendered":"<p>Francisco et George ont \u00e9t\u00e9 recrut\u00e9s au Portugal et en Roumanie pour venir travailler en France. Ils esp\u00e9raient am\u00e9liorer leurs conditions \u00e9conomiques. Leur r\u00eave a vite tourn\u00e9 au cauchemar. \u00ab Le patron, il nous disait : vous n\u2019\u00eates pas contents, j\u2019en vire 20 et j\u2019en ram\u00e8ne 40 des gens comme vous, du Portugal ! \u00bb [&hellip;]<\/p>\n","protected":false},"author":1,"featured_media":0,"comment_status":"closed","ping_status":"closed","sticky":false,"template":"","format":"standard","meta":{"_et_pb_use_builder":"","_et_pb_old_content":"","_et_gb_content_width":"","footnotes":""},"categories":[22],"tags":[41,8],"class_list":["post-363","post","type-post","status-publish","format-standard","hentry","category-radio","tag-france-culture","tag-travail-detache"],"_links":{"self":[{"href":"https:\/\/www.codetras.org\/index.php\/wp-json\/wp\/v2\/posts\/363","targetHints":{"allow":["GET"]}}],"collection":[{"href":"https:\/\/www.codetras.org\/index.php\/wp-json\/wp\/v2\/posts"}],"about":[{"href":"https:\/\/www.codetras.org\/index.php\/wp-json\/wp\/v2\/types\/post"}],"author":[{"embeddable":true,"href":"https:\/\/www.codetras.org\/index.php\/wp-json\/wp\/v2\/users\/1"}],"replies":[{"embeddable":true,"href":"https:\/\/www.codetras.org\/index.php\/wp-json\/wp\/v2\/comments?post=363"}],"version-history":[{"count":1,"href":"https:\/\/www.codetras.org\/index.php\/wp-json\/wp\/v2\/posts\/363\/revisions"}],"predecessor-version":[{"id":364,"href":"https:\/\/www.codetras.org\/index.php\/wp-json\/wp\/v2\/posts\/363\/revisions\/364"}],"wp:attachment":[{"href":"https:\/\/www.codetras.org\/index.php\/wp-json\/wp\/v2\/media?parent=363"}],"wp:term":[{"taxonomy":"category","embeddable":true,"href":"https:\/\/www.codetras.org\/index.php\/wp-json\/wp\/v2\/categories?post=363"},{"taxonomy":"post_tag","embeddable":true,"href":"https:\/\/www.codetras.org\/index.php\/wp-json\/wp\/v2\/tags?post=363"}],"curies":[{"name":"wp","href":"https:\/\/api.w.org\/{rel}","templated":true}]}}