{"id":441,"date":"2008-10-31T14:36:20","date_gmt":"2008-10-31T13:36:20","guid":{"rendered":"http:\/\/www.codetras.org\/?p=441"},"modified":"2020-11-10T09:03:26","modified_gmt":"2020-11-10T08:03:26","slug":"revue-plein-droit-gisti-oct-2008-un-collectif-de-lutte-contre-lexploitation","status":"publish","type":"post","link":"https:\/\/www.codetras.org\/index.php\/2008\/10\/31\/revue-plein-droit-gisti-oct-2008-un-collectif-de-lutte-contre-lexploitation\/","title":{"rendered":"Revue Plein Droit (Gisti) &#8211; Oct 2008 &#8211; Un collectif de lutte contre l&rsquo;exploitation"},"content":{"rendered":"\n<p>Par Herv\u00e9 Gouyer, in \u00ab\u00a0Saisonniers en servage\u00a0\u00bb, num\u00e9ro 78<\/p>\n\n\n\n<p>\u00ab\u00a0L\u2019histoire du collectif de d\u00e9fense des travailleurs saisonniers \u00e9trangers dans les Bouches-du-Rh\u00f4ne (Codetras), cr\u00e9\u00e9 en&nbsp;2002, illustre \u00e0 quel point la mobilisation collective des travailleurs, des associations, des syndicats, des travailleurs sociaux, des juristes&#8230; peut \u00eatre un atout essentiel pour d\u00e9fendre ses droits, dans un secteur o\u00f9 la main-d\u2019\u0153uvre est particuli\u00e8rement vuln\u00e9rable et la r\u00e9glementation complexe.<\/p>\n\n\n\n<p> \u00e0 lire ici : <a href=\"https:\/\/www.gisti.org\/spip.php?article4418\">https:\/\/www.gisti.org\/spip.php?article4418<\/a><\/p>\n\n\n\n<h2 class=\"wp-block-heading\">Sommaire<\/h2>\n\n\n\n<p><strong>Dossier \u2014 Saisonniers en servage<\/strong><\/p>\n\n\n\n<ul class=\"wp-block-list\"><li><a href=\"https:\/\/www.gisti.org\/spip.php?article4416\">L\u2019\u00ab&nbsp;emploi saisonnier&nbsp;\u00bb&nbsp;: une notion extensible<\/a><\/li><li><a href=\"https:\/\/www.gisti.org\/spip.php?article4417\">De la saison \u00e0 l\u2019univers concentrationnaire<\/a><\/li><li><a href=\"https:\/\/www.gisti.org\/spip.php?article4418\">Un collectif de lutte contre l\u2019exploitation<\/a><\/li><li><a href=\"https:\/\/www.gisti.org\/spip.php?article1286\">Le nouveau serf, son corps et nos fruits et l\u00e9gumes<\/a><\/li><li><a href=\"https:\/\/www.gisti.org\/spip.php?article4419\">Quand l\u2019\u00c9tat organise la violation du droit<\/a><\/li><li><a href=\"https:\/\/www.gisti.org\/spip.php?article4420\">Des droits sociaux m\u00eame pas saisonniers<\/a><\/li><li><a href=\"https:\/\/www.gisti.org\/spip.php?article4422\">\u00ab&nbsp;C\u2019est pour la fraise&nbsp;\u00bb<\/a><\/li><li><a href=\"https:\/\/www.gisti.org\/spip.php?article4423\">Dans les Pouilles, les caporali font la loi<\/a><\/li><li><a href=\"https:\/\/www.gisti.org\/spip.php?article1292\">Des mains d\u00e9licates pour des fraises am\u00e8res<\/a><\/li><li><a href=\"https:\/\/www.gisti.org\/spip.php?article1293\">Saisonniers californiens&nbsp;: la pr\u00e9carit\u00e9 en crise<\/a><\/li><\/ul>\n\n\n\n<p><strong>Jurisprudence<\/strong>&nbsp;[Cahier central]<\/p>\n\n\n\n<ul class=\"wp-block-list\"><li>Droit des travailleurs saisonniers agricoles<br>(<a href=\"https:\/\/www.gisti.org\/spip.php?article1284\">les d\u00e9cisions<\/a>)<\/li><\/ul>\n\n\n\n<p><strong>Ont collabor\u00e9 \u00e0 ce num\u00e9ro&nbsp;:<\/strong>&nbsp;Delphine d\u2019Allivy-Kelly, V\u00e9ronique Baudet-Caille, Emmanuel Blanchard, Cristina Brovia, Violaine Carr\u00e8re, S\u00e9bastien Chauvin, Cl\u00e9ment Dalan\u00e7on, Fr\u00e9d\u00e9ric Decosse, Nicolas Duntze, Nathalie Ferr\u00e9, Herv\u00e9 Gouyer, Emmanuelle Hellio, Liora Isra\u00ebl, Ana\u00efs Leonhardt, Alain Morice, Odile Schwertz-Favrat, Serge Slama, Alexis Spire, H\u00e9l\u00e8ne Spoladore.<\/p>\n","protected":false},"excerpt":{"rendered":"<p>Par Herv\u00e9 Gouyer, in \u00ab\u00a0Saisonniers en servage\u00a0\u00bb, num\u00e9ro 78 \u00ab\u00a0L\u2019histoire du collectif de d\u00e9fense des travailleurs saisonniers \u00e9trangers dans les Bouches-du-Rh\u00f4ne (Codetras), cr\u00e9\u00e9 en&nbsp;2002, illustre \u00e0 quel point la mobilisation collective des travailleurs, des associations, des syndicats, des travailleurs sociaux, des juristes&#8230; peut \u00eatre un atout essentiel pour d\u00e9fendre ses droits, dans un secteur o\u00f9 [&hellip;]<\/p>\n","protected":false},"author":1,"featured_media":442,"comment_status":"closed","ping_status":"closed","sticky":false,"template":"","format":"standard","meta":{"_et_pb_use_builder":"","_et_pb_old_content":"","_et_gb_content_width":"","footnotes":""},"categories":[21],"tags":[47,61,26,33,60],"class_list":["post-441","post","type-post","status-publish","format-standard","has-post-thumbnail","hentry","category-presse","tag-contrats-omi-ofii","tag-gisti","tag-justice","tag-luttes-des-travailleur-ses","tag-revue-plein-droit"],"_links":{"self":[{"href":"https:\/\/www.codetras.org\/index.php\/wp-json\/wp\/v2\/posts\/441","targetHints":{"allow":["GET"]}}],"collection":[{"href":"https:\/\/www.codetras.org\/index.php\/wp-json\/wp\/v2\/posts"}],"about":[{"href":"https:\/\/www.codetras.org\/index.php\/wp-json\/wp\/v2\/types\/post"}],"author":[{"embeddable":true,"href":"https:\/\/www.codetras.org\/index.php\/wp-json\/wp\/v2\/users\/1"}],"replies":[{"embeddable":true,"href":"https:\/\/www.codetras.org\/index.php\/wp-json\/wp\/v2\/comments?post=441"}],"version-history":[{"count":3,"href":"https:\/\/www.codetras.org\/index.php\/wp-json\/wp\/v2\/posts\/441\/revisions"}],"predecessor-version":[{"id":461,"href":"https:\/\/www.codetras.org\/index.php\/wp-json\/wp\/v2\/posts\/441\/revisions\/461"}],"wp:featuredmedia":[{"embeddable":true,"href":"https:\/\/www.codetras.org\/index.php\/wp-json\/wp\/v2\/media\/442"}],"wp:attachment":[{"href":"https:\/\/www.codetras.org\/index.php\/wp-json\/wp\/v2\/media?parent=441"}],"wp:term":[{"taxonomy":"category","embeddable":true,"href":"https:\/\/www.codetras.org\/index.php\/wp-json\/wp\/v2\/categories?post=441"},{"taxonomy":"post_tag","embeddable":true,"href":"https:\/\/www.codetras.org\/index.php\/wp-json\/wp\/v2\/tags?post=441"}],"curies":[{"name":"wp","href":"https:\/\/api.w.org\/{rel}","templated":true}]}}