{"id":450,"date":"2020-10-09T15:05:59","date_gmt":"2020-10-09T13:05:59","guid":{"rendered":"http:\/\/www.codetras.org\/?p=450"},"modified":"2020-11-09T15:09:53","modified_gmt":"2020-11-09T14:09:53","slug":"mars-actu-proces-des-5-darles-contre-laboral-terra-il-ny-a-aucune-victoire-cest-une-humiliation","status":"publish","type":"post","link":"https:\/\/www.codetras.org\/index.php\/2020\/10\/09\/mars-actu-proces-des-5-darles-contre-laboral-terra-il-ny-a-aucune-victoire-cest-une-humiliation\/","title":{"rendered":"Mars Actu &#8211; Proc\u00e8s des 5 d&rsquo;Arles contre Laboral Terra : \u00ab\u00a0Il n&rsquo;y a aucune victoire, c&rsquo;est une humiliation\u00a0\u00bb."},"content":{"rendered":"\n<p>Par S. Lana et H. Servel<\/p>\n\n\n\n<p>\u00ab\u00a0<strong>La d\u00e9ception des cinq travailleurs d\u00e9tach\u00e9s agricoles \u00e9tait palpable suite \u00e0 la d\u00e9cision rendue par les prud&rsquo;hommes dans leur proc\u00e8s contre Laboral Terra et douze entreprises agricoles fran\u00e7aises. Ils d\u00e9noncent des indemnit\u00e9s au rabais et auraient souhait\u00e9 que soit reconnue l\u2019ill\u00e9galit\u00e9 de leur d\u00e9tachement. Certaines vont faire appel.<\/strong><\/p>\n\n\n\n<p>\u201cC\u2019est lamentable. C\u2019est une honte que la justice fran\u00e7aise n\u2019ait pas pris position sur le d\u00e9tachement.\u201d Yasmine Tellal, une des plaignantes, ne cache pas sa col\u00e8re. 15 jours apr\u00e8s, l\u2019annonce du jugement garde toujours un go\u00fbt amer pour les plaignants et leurs avocats. Le 22 septembre dernier, le conseil des prud\u2019hommes d\u2019Arles a rendu sa [\u2026]<\/p>\n\n\n\n<p>Article du 8 octobre 2020 \u00e0 lire sur Mars Actu : https:\/\/marsactu.fr\/proces-des-travailleurs-detaches-il-ny-a-aucune-victoire-cest-une-humiliation\/<\/p>\n","protected":false},"excerpt":{"rendered":"<p>Par S. Lana et H. Servel \u00ab\u00a0La d\u00e9ception des cinq travailleurs d\u00e9tach\u00e9s agricoles \u00e9tait palpable suite \u00e0 la d\u00e9cision rendue par les prud&rsquo;hommes dans leur proc\u00e8s contre Laboral Terra et douze entreprises agricoles fran\u00e7aises. Ils d\u00e9noncent des indemnit\u00e9s au rabais et auraient souhait\u00e9 que soit reconnue l\u2019ill\u00e9galit\u00e9 de leur d\u00e9tachement. Certaines vont faire appel. \u201cC\u2019est [&hellip;]<\/p>\n","protected":false},"author":1,"featured_media":451,"comment_status":"closed","ping_status":"closed","sticky":false,"template":"","format":"standard","meta":{"_et_pb_use_builder":"","_et_pb_old_content":"","_et_gb_content_width":"","footnotes":""},"categories":[21],"tags":[],"class_list":["post-450","post","type-post","status-publish","format-standard","has-post-thumbnail","hentry","category-presse"],"_links":{"self":[{"href":"https:\/\/www.codetras.org\/index.php\/wp-json\/wp\/v2\/posts\/450","targetHints":{"allow":["GET"]}}],"collection":[{"href":"https:\/\/www.codetras.org\/index.php\/wp-json\/wp\/v2\/posts"}],"about":[{"href":"https:\/\/www.codetras.org\/index.php\/wp-json\/wp\/v2\/types\/post"}],"author":[{"embeddable":true,"href":"https:\/\/www.codetras.org\/index.php\/wp-json\/wp\/v2\/users\/1"}],"replies":[{"embeddable":true,"href":"https:\/\/www.codetras.org\/index.php\/wp-json\/wp\/v2\/comments?post=450"}],"version-history":[{"count":1,"href":"https:\/\/www.codetras.org\/index.php\/wp-json\/wp\/v2\/posts\/450\/revisions"}],"predecessor-version":[{"id":452,"href":"https:\/\/www.codetras.org\/index.php\/wp-json\/wp\/v2\/posts\/450\/revisions\/452"}],"wp:featuredmedia":[{"embeddable":true,"href":"https:\/\/www.codetras.org\/index.php\/wp-json\/wp\/v2\/media\/451"}],"wp:attachment":[{"href":"https:\/\/www.codetras.org\/index.php\/wp-json\/wp\/v2\/media?parent=450"}],"wp:term":[{"taxonomy":"category","embeddable":true,"href":"https:\/\/www.codetras.org\/index.php\/wp-json\/wp\/v2\/categories?post=450"},{"taxonomy":"post_tag","embeddable":true,"href":"https:\/\/www.codetras.org\/index.php\/wp-json\/wp\/v2\/tags?post=450"}],"curies":[{"name":"wp","href":"https:\/\/api.w.org\/{rel}","templated":true}]}}