{"id":462,"date":"2020-07-30T09:06:36","date_gmt":"2020-07-30T07:06:36","guid":{"rendered":"http:\/\/www.codetras.org\/?p=462"},"modified":"2020-11-10T09:08:20","modified_gmt":"2020-11-10T08:08:20","slug":"reporterre-juillet-2020-entretien-la-realite-de-lagriculture-francaise-ce-sont-des-hommes-et-des-femmes-qui-se-cassent-le-dos","status":"publish","type":"post","link":"https:\/\/www.codetras.org\/index.php\/2020\/07\/30\/reporterre-juillet-2020-entretien-la-realite-de-lagriculture-francaise-ce-sont-des-hommes-et-des-femmes-qui-se-cassent-le-dos\/","title":{"rendered":"Reporterre &#8211; Juillet 2020 &#8211; Entretien : \u00ab La r\u00e9alit\u00e9 de l\u2019agriculture fran\u00e7aise, ce sont des hommes et des femmes qui se cassent le dos \u00bb"},"content":{"rendered":"\n<p>Un avocat et un sociologue sp\u00e9cialistes du travail agricole d\u00e9tach\u00e9 d\u00e9taillent \u00e0 Reporterre comment, en glorifiant le made in France, \u00abon promeut alors des marchandises qui ne sont pas produites de mani\u00e8re diff\u00e9rente qu\u2019en Espagne ou au Maroc\u00bb.<\/p>\n\n\n\n<p>Yann Pr\u00e9vost est avocat au barreau de Marseille et de Paris. En 2012, il est devenu l\u2019avocat de la famille d\u2019Elio Maldonado, travailleur d\u00e9tach\u00e9 \u00e9quatorien mort de d\u00e9shydratation dans une exploitation des Bouches-du-Rh\u00f4ne. Il d\u00e9fend d\u2019autres saisonniers agricoles, notamment pour conditions de travail indignes et harc\u00e8lement sexuel et s\u2019appr\u00eate \u00e0 faire face aux avocats de la soci\u00e9t\u00e9 Terra Fecundis, entreprise de travail temporaire (ETT) espagnole sp\u00e9cialis\u00e9e dans la mise \u00e0 disposition de main-d\u2019\u0153uvre agricole en France.&nbsp;<\/p>\n\n\n\n<p>Fr\u00e9d\u00e9ric Decosse est sociologue et chercheur au Laboratoire d\u2019\u00e9conomie et de sociologie du travail du&nbsp;CNRS. Il a parcouru les exploitations agricoles camarguaises et de la Crau (Bouches-du-Rh\u00f4ne) pendant plusieurs ann\u00e9es et a \u00e9crit sa th\u00e8se sur les saisonniers marocains dans les Bouches-du-Rh\u00f4ne, intitul\u00e9e&nbsp;<a href=\"https:\/\/hal.archives-ouvertes.fr\/tel-01092682\/file\/THESE05102011.pdf\" rel=\"noreferrer noopener\" target=\"_blank\"><em>Migrations sous contr\u00f4le. Agriculture intensive et saisonniers marocains sous contrat \u00abOMI\u00bb<\/em><\/a>.<\/p>\n\n\n\n<p>Leurs regards crois\u00e9s aident \u00e0 comprendre la complexit\u00e9 juridique et sociologique du d\u00e9tachement dans le secteur agricole en France.<\/p>\n\n\n\n<p>Lire l&rsquo;int\u00e9gralit\u00e9 de l&rsquo;article dans le dossier Travail agricole d\u00e9tach\u00e9 de Reporterre : <a href=\"https:\/\/reporterre.net\/La-realite-de-l-agriculture-francaise-ce-sont-des-hommes-et-des-femmes-qui-se-cassent-le-dos\">https:\/\/reporterre.net\/La-realite-de-l-agriculture-francaise-ce-sont-des-hommes-et-des-femmes-qui-se-cassent-le-dos<\/a><\/p>\n","protected":false},"excerpt":{"rendered":"<p>Un avocat et un sociologue sp\u00e9cialistes du travail agricole d\u00e9tach\u00e9 d\u00e9taillent \u00e0 Reporterre comment, en glorifiant le made in France, \u00abon promeut alors des marchandises qui ne sont pas produites de mani\u00e8re diff\u00e9rente qu\u2019en Espagne ou au Maroc\u00bb. Yann Pr\u00e9vost est avocat au barreau de Marseille et de Paris. En 2012, il est devenu l\u2019avocat [&hellip;]<\/p>\n","protected":false},"author":1,"featured_media":463,"comment_status":"closed","ping_status":"closed","sticky":false,"template":"","format":"standard","meta":{"_et_pb_use_builder":"","_et_pb_old_content":"","_et_gb_content_width":"","footnotes":""},"categories":[21],"tags":[],"class_list":["post-462","post","type-post","status-publish","format-standard","has-post-thumbnail","hentry","category-presse"],"_links":{"self":[{"href":"https:\/\/www.codetras.org\/index.php\/wp-json\/wp\/v2\/posts\/462","targetHints":{"allow":["GET"]}}],"collection":[{"href":"https:\/\/www.codetras.org\/index.php\/wp-json\/wp\/v2\/posts"}],"about":[{"href":"https:\/\/www.codetras.org\/index.php\/wp-json\/wp\/v2\/types\/post"}],"author":[{"embeddable":true,"href":"https:\/\/www.codetras.org\/index.php\/wp-json\/wp\/v2\/users\/1"}],"replies":[{"embeddable":true,"href":"https:\/\/www.codetras.org\/index.php\/wp-json\/wp\/v2\/comments?post=462"}],"version-history":[{"count":2,"href":"https:\/\/www.codetras.org\/index.php\/wp-json\/wp\/v2\/posts\/462\/revisions"}],"predecessor-version":[{"id":465,"href":"https:\/\/www.codetras.org\/index.php\/wp-json\/wp\/v2\/posts\/462\/revisions\/465"}],"wp:featuredmedia":[{"embeddable":true,"href":"https:\/\/www.codetras.org\/index.php\/wp-json\/wp\/v2\/media\/463"}],"wp:attachment":[{"href":"https:\/\/www.codetras.org\/index.php\/wp-json\/wp\/v2\/media?parent=462"}],"wp:term":[{"taxonomy":"category","embeddable":true,"href":"https:\/\/www.codetras.org\/index.php\/wp-json\/wp\/v2\/categories?post=462"},{"taxonomy":"post_tag","embeddable":true,"href":"https:\/\/www.codetras.org\/index.php\/wp-json\/wp\/v2\/tags?post=462"}],"curies":[{"name":"wp","href":"https:\/\/api.w.org\/{rel}","templated":true}]}}