{"id":521,"date":"2021-02-25T16:37:04","date_gmt":"2021-02-25T15:37:04","guid":{"rendered":"http:\/\/www.codetras.org\/?p=521"},"modified":"2021-03-06T11:13:25","modified_gmt":"2021-03-06T10:13:25","slug":"trabajadores-agricolas-desplazados-algunas-lecciones-de-la-crisis-sanitaria","status":"publish","type":"post","link":"https:\/\/www.codetras.org\/index.php\/2021\/02\/25\/trabajadores-agricolas-desplazados-algunas-lecciones-de-la-crisis-sanitaria\/","title":{"rendered":"Trabajadores agr\u00edcolas desplazados: algunas lecciones de la crisis sanitaria"},"content":{"rendered":"\n<p><em>Con la crisis del Covid-19, la figura m\u00edtica del fontanero polaco ha sido sustituida por la del trabajador agr\u00edcola espa\u00f1ol desplazado. Al igual que al primero, se le acusa de ser una pieza del engranaje del dumping social, pero tambi\u00e9n, y esto es una novedad, un vector de contagio de la actual pandemia de Covid-19. Cuando escuchamos que el cuerpo extranjero amenaza al cuerpo social, cuando el higienismo se vuelve caldo de cultivo de la xenofobia y del patriotismo econ\u00f3mico, ya es hora de volver a los hechos.<\/em><\/p>\n\n\n\n<p>Es dif\u00edcil evaluar los cambios provocados por la actual crisis sanitaria. Una cosa es cierta: la pandemia ha dado lugar a un experimento sin precedentes de suspensi\u00f3n de las libertades civiles e implic\u00f3 la aplicaci\u00f3n de medidas excepcionales que van mucho m\u00e1s all\u00e1 del \u00e1mbito estrictamente sanitario y que probablemente seguir\u00e1n vigentes una vez la crisis pasada. Quiz\u00e1 lo m\u00e1s preocupante es que estas medidas han contado con un abrumador consenso. El miedo es sin duda la piedra angular de las nuevas formas de gobierno de las poblaciones y encuentra en la demonizaci\u00f3n de la inmigraci\u00f3n un terreno f\u00e9rtil para acelerar el cierre de las fronteras y culpar a los indeseables. Pero\u2026 \u00bfQu\u00e9 hacer cuando son indispensables? A principios de 2020, mientras que toda la poblaci\u00f3n francesa estaba confinada, la introducci\u00f3n de mano de obra continu\u00f3, demandada por agricultores que necesitaban brazos y avalada por el gobierno. Nuestra encuesta colectiva arroja luz sobre la persistencia de la funci\u00f3n utilitarista y filtradora de la frontera durante la crisis, a partir del caso de la prestaci\u00f3n transnacional de servicio en la agricultura intensiva provenzal. Revela, m\u00e1s all\u00e1 del confinamiento, las condiciones de vida y de trabajo impuestas a las temporeras y temporeros extranjeros en el sureste de Francia.<\/p>\n\n\n\n<p><strong>\u00bfEscasez de mano de obra?<\/strong><\/p>\n\n\n\n<p>Marzo de 2020: ha llegado el momento del cierre oficial de las fronteras. La agricultura est\u00e1 en peligro, nos dice el Estado, y con ella los franceses, que corren el riesgo de morir hambrientos. La funci\u00f3n nutritiva de la agricultura industrial es una cantaleta movilizada desde la posguerra por la organizaci\u00f3n patronal mayoritaria (FNSEA) para justificar la elecci\u00f3n del productivismo y el concomitante deterioro de las condiciones de trabajo en el sector.<\/p>\n\n\n\n<p>\u201cEl pa\u00eds est\u00e1 en guerra\u00a0\u00bb, dice Emmanuel Macron, \u201cy por eso debemos unirnos al &lsquo;gran ej\u00e9rcito&rsquo; de la agricultura francesa\u00a0\u00bb para salvar los cultivos. No importa aqu\u00ed que esta llamada marcial resuene como un eco lejano del servicio c\u00edvico rural del gobierno de Vichy. El siglo XXI siendo digital, este \u00ab\u00a0ej\u00e9rcito de las sombras\u00a0\u00bb debe ser reclutado a trav\u00e9s de la plataforma \u00ab\u00a0Desbraspourtonassiette\u00a0\u00bb<a href=\"#_ftn1\">[2]<\/a> proporcionada por la empresa Wizifarm, una especie de bolsa de trabajo online con sabor a econom\u00eda colaborativa. Como eje de comunicaci\u00f3n, el gobierno moviliza la ret\u00f3rica del patriotismo alimentario: \u00ab\u00a0de la fourche \u00e0 la fourchette\u00a0\u00bb<a href=\"#_ftn2\">[3]<\/a> o \u00ab\u00a0nuestros trabajos son sus compras\u00a0\u00bb.<\/p>\n\n\n\n<p>En abril, a pesar de los 300.000 inscritos, el dispositivo ofrece solo 15.000 misiones. \u00bfQu\u00e9 lecciones podemos aprender de este fracaso? En primer lugar, el perfil del trabajador local no responde a las expectativas de un empresario agr\u00edcola acostumbrado a utilizar obreros marroqu\u00edes y tunecinos bajo contratos de temporada \u201cOfii\u201d o trabajadores prestados. No es de extra\u00f1ar, ya que la denigraci\u00f3n de los locales (\u00ab\u00a0brazos rotos\u00a0\u00bb, \u00ab\u00a0poco fiables\u00a0\u00bb&#8230;) es un estribillo habitual de la agricultura intensiva. Por otro lado, la mediatizaci\u00f3n de la plataforma \u201cDesbraspourtonassiette\u201d permite a la profesi\u00f3n dar coherencia y visibilidad a la cuesti\u00f3n de la escasez de mano de obra. M\u00e1s all\u00e1 de las palabras, soluciones alternativas se desarrollan sobre el terreno, de acuerdo con la larga tradici\u00f3n de cogesti\u00f3n de los asuntos agr\u00edcolas entre el sindicato mayoritario y el Estado (flexibilizaci\u00f3n del c\u00f3digo laboral; movilizaci\u00f3n de los beneficiarios de las prestaciones sociales m\u00ednimas y, en algunos departamentos de los solicitantes de asilo; pr\u00f3rrogas de los contratos de temporada Ofii de 6 a 9 meses y negociaciones para dejar entrar a los temporeros extranjeros &#8211; v\u00e9ase el recuadro siguiente).<\/p>\n\n\n\n<blockquote class=\"wp-block-quote is-layout-flow wp-block-quote-is-layout-flow\"><p><strong>Medidas de emergencia: entre excepciones y derogaciones<\/strong><\/p><p>Tras el anuncio, el 16 de marzo de 2020, del cierre total de las fronteras francesas a los pa\u00edses Schengen y a los pa\u00edses terceros, el Gobierno promulg\u00f3 el 23 de marzo una ley de emergencia (n\u00ba 2020-290) para hacer frente a la epidemia. El art\u00edculo 16 de esta ley prev\u00e9 la pr\u00f3rroga para los extranjeros de los permisos de residencia que expiren entre el 16 de marzo y el 15 de mayo de 2020, en un l\u00edmite de 180 d\u00edas. La ordenanza est\u00e1 formalizada el 7 de mayo. Entre otras cosas, prev\u00e9 ampliar la estancia anual de los contratos Ofii introducidos antes del 16 de marzo a nueve meses cuando estos fueron limitados a seis meses desde la ley Hortefeux de 2006. El mismo d\u00eda, el Primer Ministro anuncia que se conceder\u00e1n \u00ab\u00a0excepciones adicionales\u00a0\u00bb que permitir\u00e1n el cruce de la frontera con un pa\u00eds europeo, especialmente por \u00ab\u00a0razones econ\u00f3micas imperiosas, en particular para los trabajadores agr\u00edcolas de temporada\u00a0\u00bb. Estas se formalizar\u00e1n el 20 de mayo mediante una instrucci\u00f3n del Primer Ministro sobre \u00ab\u00a0Los controles en las fronteras y la situaci\u00f3n de los temporeros desplazados\u00a0\u00bb, que especifica que los temporeros agr\u00edcolas comunitarios o los nacionales de terceros pa\u00edses que residan \u00ab\u00a0principalmente\u00a0\u00bb en un pa\u00eds miembro est\u00e1n autorizados a entrar en el territorio franc\u00e9s y trabajar en \u00e9l siempre que est\u00e9n en posesi\u00f3n de los documentos necesarios: un certificado de viaje internacional que incluya una declaraci\u00f3n jurada de que no presentan s\u00edntomas de infecci\u00f3n por coronavirus, una \u00ab\u00a0atestaci\u00f3n de empleo\u00a0\u00bb rellenada por el agricultor y un documento que acredite el empleo.<\/p><\/blockquote>\n\n\n\n<p>La tercera fase comienza finalmente cuando, a principios de junio, tras una campa\u00f1a de pruebas organizada por la prefectura y la Agencia Regional de Salud, se identificaron varios casos de Covid-19 en el norte de las Bouches-du-Rh\u00f4ne. Los casos positivos resultan ser trabajadores desplazados desde Espa\u00f1a y puestos a disposici\u00f3n de agricultores provenzales por la empresa de trabajo temporal (ETT) Terra Fecundis (TF). Estos brotes se producen en granjas y campamentos utilizados como lugares de alojamiento y tr\u00e1nsito.<\/p>\n\n\n\n<figure class=\"wp-block-image size-large is-resized\"><img loading=\"lazy\" decoding=\"async\" src=\"http:\/\/www.codetras.org\/wp-content\/uploads\/2021\/02\/Captura.jpg\" alt=\"\" class=\"wp-image-591\" width=\"821\" height=\"549\"\/><figcaption>En el Mas de la Tr\u00e9sori\u00e8re, alojamiento colectivo gestionado por Terra Fecundis y perteneciendo a Didier Cornille, la prefectura orden\u00f3 un cierre admistrativo que no fue respetado. Cr\u00e9dit : Eric Besatti \/ l&rsquo;Arl\u00e9sienne<\/figcaption><\/figure>\n\n\n\n<div class=\"wp-block-image\"><figure class=\"aligncenter size-large is-resized\"><img loading=\"lazy\" decoding=\"async\" src=\"http:\/\/www.codetras.org\/wp-content\/uploads\/2021\/02\/Capture-decran-2021-02-23-a-15.20.03-1-1024x569.png\" alt=\"\" class=\"wp-image-589\" width=\"615\" height=\"342\"\/><figcaption>Campamento del Pilon d&rsquo;Agel<\/figcaption><\/figure><\/div>\n\n\n\n<p>Los casos de Covid-19 revelan la presencia de trabajadores prestados, llegados antes, durante y despu\u00e9s del cierre de las fronteras. Sin embargo, lejos de cuestionar la responsabilidad de las empresas de trabajo temporal (ETT) y el desplazamiento como sistema, la aparici\u00f3n de los clusters desacredita a esta poblaci\u00f3n trabajadora precaria, cuya presencia y movilidad transfronteriza aumentar\u00edan los riesgos de contaminaci\u00f3n del cuerpo social. La figura del trabajador prestado como fuente de dumping social se combina con la del extranjero enfermo vector de contagio. Medidas excepcionales son tomadas por el Estado para controlar la situaci\u00f3n. Los resultados de las pruebas conducen a la cuarentena y al encierro durante m\u00e1s de un mes de cientos de temporeros en lugares inseguros, que sean positivos o simplemente considerados como casos contacto. Los resultados nunca se les comunicar\u00e1n.<\/p>\n\n\n\n<figure class=\"wp-block-image size-large is-resized\"><img loading=\"lazy\" decoding=\"async\" src=\"http:\/\/www.codetras.org\/wp-content\/uploads\/2021\/02\/cosmonautes-528x1024.jpg\" alt=\"\" class=\"wp-image-562\" width=\"264\" height=\"512\"\/><figcaption><em>Campa\u00f1a de pruebas de contagi\u00f3n por el Covid, junio 2021, foto enviada por un trabajador desplazado.<\/em><\/figcaption><\/figure>\n\n\n\n<p><strong>La prestaci\u00f3n transnacional de servicio: un sistema ya antiguo en Provenza<\/strong><\/p>\n\n\n\n<p>\u00bfQu\u00e9 supone la prestaci\u00f3n transnacional de servicio? Un empresario establecido fuera de Francia puede desplazar temporalmente a sus empleados al territorio nacional o a cualquier otro pa\u00eds europeo si respeta algunas condiciones: la empresa que presta el servicio debe estar establecida regularmente en el Estado de origen (aqu\u00ed Espa\u00f1a) y realizar actividades sustanciales en \u00e9l. Los trabajadores desplazados deben trabajar habitualmente para la empresa y sus desplazamientos a Francia deben ser temporales. Por lo tanto, no pueden ser contratados \u00fanicamente con el fin de trabajar en territorio franc\u00e9s, ni ocupar un puesto de trabajo relacionado con la actividad normal y permanente de la empresa en la que est\u00e1n enviados. Un contrato comercial vincula a la empresa proveedora y a la empresa usuaria. Una vez cumplidas estas condiciones, el empleador del trabajador (es decir la ETT espa\u00f1ola) debe garantizar, como m\u00ednimo, un nivel de remuneraci\u00f3n y de protecci\u00f3n correspondiente a la \u00ab\u00a0base\u00a0\u00bb del derecho laboral franc\u00e9s<a href=\"#_ftn1\">[4]<\/a>. Las cotizaciones sociales se pagan en el pa\u00eds de origen, lo que permite reducir el coste de la mano de obra, ya que el importe de cotizaciones es menor en Espa\u00f1a que en Francia.<\/p>\n\n\n\n<p>La prestaci\u00f3n internacional es una realidad antigua en la agricultura provenzal. De hecho, desde la d\u00e9cada 2000, existe en este mercado laboral una yuxtaposici\u00f3n de contratos Ofii y de contratos de misi\u00f3n por parte de ETT espa\u00f1olas. Estas \u00faltimas desplazan al sector agr\u00edcola, trabajadores residentes en Espa\u00f1a, procedentes principalmente del Magreb, de Am\u00e9rica Latina, y m\u00e1s recientemente, de \u00c1frica Occidental.<\/p>\n\n\n\n<p>Pionera en el sector del desplazamiento en Provenza, Terra Fecundis gestiona por s\u00ed sola dos tercios del contingente prestado. Comparte el mercado con otras agencias de menor importancia. Este mercado ha crecido desde 2008 bajo el efecto combinado de la crisis econ\u00f3mica espa\u00f1ola y de la obtenci\u00f3n por parte de temporeros OFII de un derecho de estancia anual tras la lucha liderada por el Codetras. En 2009, m\u00e1s de un millar de estos trabajadores abandonaron el estatus de temporeros al ganar un derecho de estancia anual<a href=\"#_ftn2\">[5]<\/a>. Los desplazados est\u00e1n puestos a disposici\u00f3n de empresas usuarias que forman parte de una cadena log\u00edstica que une las zonas productivas (campos, estaciones de embalaje) situadas en las Bouches-du-Rh\u00f4ne, Gard y Vaucluse y los canales de distribuci\u00f3n locales, nacionales e internacionales.<\/p>\n\n\n\n<p>En 2018, el sector agr\u00edcola de las Bouches-du-Rh\u00f4ne contaba con 2.053 contratos Ofii<a href=\"#_ftn3\">[6]<\/a> apoyados por 4.219 trabajadores enviados por 33 ETT espa\u00f1olas y una ETT rumana. Los desplazados realizaron 8.194 misiones para 385 clientes<a href=\"#_ftn4\">[7]<\/a>. La prestaci\u00f3n de servicios crea un nuevo segmento cautivo en el mercado laboral local, ya que los nacionales de terceros pa\u00edses viviendo en Espa\u00f1a s\u00f3lo tienen acceso al mercado laboral comunitario a trav\u00e9s de las ETT.<\/p>\n\n\n\n<p><strong>Cuarentenas que visibilizan el encierre<\/strong><\/p>\n\n\n\n<p>La campa\u00f1a de pruebas de detecci\u00f3n del coronavirus iniciada a principios de junio por los servicios estatales se dirige especialmente a los lugares conocidos por su concentraci\u00f3n de trabajadores. Se trata de caser\u00edos y campamentos donde TF aloja a sus trabajadores temporales hasta colocarles en las explotaciones agr\u00edcolas. En estos lugares, las catorcenas duraron un mes porque, a pesar de las medidas tomadas, TF sigui\u00f3 a\u00f1adiendo los trabajadores que dieron positivos en las fincas o unos que llegaron de Espa\u00f1a entre tanto a los que ya estaban confinados. En algunos lugares, a pesar del decreto de cuarentena por parte de los servicios estatales, unos agricultores no quisieron renunciar a sus trabajadores y los hicieron trabajar, pero segu\u00edan alojados con los que estaban en cuarentena. En estos espacios confinados hubo protestas contra las condiciones de insalubridad, el encierro y la mala gesti\u00f3n del contagio. Estas protestas fueron transmitidas en los medios de comunicaci\u00f3n, pero tambi\u00e9n y sobre todo en las redes sociales dejando huella en las paredes y hasta en los troncos de los pl\u00e1tanos.<\/p>\n\n\n\n<p>La campa\u00f1a de pruebas de detecci\u00f3n del coronavirus iniciada a principios de junio por los servicios estatales se dirige especialmente a los lugares conocidos por su concentraci\u00f3n de trabajadores. Se trata de caser\u00edos y campamentos donde TF aloja a sus trabajadores temporales hasta colocarles en las explotaciones agr\u00edcolas. En estos lugares, las catorcenas duraron un mes porque, a pesar de las medidas tomadas, TF sigui\u00f3 a\u00f1adiendo los trabajadores que dieron positivos en las fincas o unos que llegaron de Espa\u00f1a entre tanto a los que ya estaban confinados. En algunos lugares, a pesar del decreto de cuarentena por parte de los servicios estatales, unos agricultores no quisieron renunciar a sus trabajadores y los hicieron trabajar, pero segu\u00edan alojados con los que estaban en cuarentena. En estos espacios confinados hubo protestas contra las condiciones de insalubridad, el encierro y la mala gesti\u00f3n del contagio. Estas protestas fueron transmitidas en los medios de comunicaci\u00f3n, pero tambi\u00e9n y sobre todo en las redes sociales dejando huella en las paredes y hasta en los troncos de los pl\u00e1tanos.<\/p>\n\n\n\n<div class=\"wp-block-group\"><div class=\"wp-block-group__inner-container is-layout-flow wp-block-group-is-layout-flow\">\n<div class=\"wp-block-group\"><div class=\"wp-block-group__inner-container is-layout-flow wp-block-group-is-layout-flow\">\n<figure class=\"wp-block-image size-large is-resized\"><img loading=\"lazy\" decoding=\"async\" src=\"http:\/\/www.codetras.org\/wp-content\/uploads\/2021\/02\/fuck-off.jpg\" alt=\"\" class=\"wp-image-530\" width=\"285\" height=\"409\" srcset=\"https:\/\/www.codetras.org\/wp-content\/uploads\/2021\/02\/fuck-off.jpg 454w, https:\/\/www.codetras.org\/wp-content\/uploads\/2021\/02\/fuck-off-209x300.jpg 209w\" sizes=\"(max-width: 285px) 100vw, 285px\" \/><figcaption><em>\u201cFuck off Terra Fecundis\u201d, Grabado, Platane, Mas du Cast, Fotos Codetras.<\/em><\/figcaption><\/figure>\n<\/div><\/div>\n<\/div><\/div>\n\n\n\n<p>Obviamente, tambi\u00e9n provocaron represalias: \u00ab\u00a0Habl\u00e9 en Youtube. Por eso me echaron\u00a0\u00bb, afirma Marisol que denunci\u00f3 ante las c\u00e1maras del canal <em>France 2 <\/em>sus condiciones de vida durante la cuarentena. En tal contexto, las instituciones dif\u00edcilmente se pod\u00edan hacer de la vista gorda. Entre mayo y junio, la prefectura de las Bouches-du-Rh\u00f4ne emiti\u00f3 tres \u00f3rdenes de cierre administrativo de locales sirviendo como alojamiento colectivo de trabajadores prestados. Los informes de la Inspecci\u00f3n del trabajo que fundamentaron estas actas se\u00f1alan que el Mas du Cast y de la Tr\u00e9sori\u00e8re, no estaban conectados a la red de agua potable y no hab\u00edan sido declarados como alojamientos colectivos. M\u00e1s de 100 trabajadores tuvieron que pasar all\u00ed un mes en cuarentena. Cultivando m\u00e1s de 1.200 hect\u00e1reas, su propietario, Didier Cornille, es un peso pesado de la agricultura local. Al alquilar estos alojamientos a TF, \u00e9ste se asegura beneficios importantes: m\u00e1s de 23.000 euros mensuales para el Mas du Cast (tambi\u00e9n llamado Reveny 4, del nombre de una de sus empresas). Otras tres de sus propiedades, cada una de ellas con capacidad para albergar a m\u00e1s de 100 trabajadores, se ponen a disposici\u00f3n exclusiva de la ETT: un grupo de casas nuevas en las afueras de Saint-\u00c9tienne-du-Gr\u00e8s (Reveny 2), el Mas de l&rsquo;Esp\u00e9rance y el Mas de la Tr\u00e9sori\u00e8re, ya mencionado, que bordean las orillas de un brazo del Rh\u00f4ne entre Saint Gilles y Arles (Reveny 3 y 5). La red territorial as\u00ed creada se complementa con los campings en los que la agencia aloja a los trabajadores temporales durante todo el a\u00f1o, as\u00ed como con el alojamiento <em>in situ<\/em> de los trabajadores en las grandes explotaciones que utilizan mano de obra desplazada. Una de ellas, la explotaci\u00f3n arbor\u00edcola de Racamier, ser\u00e1 objeto de la tercera decisi\u00f3n de cierre.<\/p>\n\n\n\n<p>En tiempos normales, el sistema de prestaci\u00f3n de mano de obra se basa en una log\u00edstica de circulaci\u00f3n y distribuci\u00f3n fluida que escapa a la vista. El eco dado a la resistencia tuvo el efecto de revelar la infraestructura subterr\u00e1nea del \u00ednterin internacional en el pa\u00eds de Arles. Poniendo en el punto de mira los lugares de tr\u00e1nsito, pero tambi\u00e9n de almacenamiento de la fuerza de trabajo, el Covid-19 y las movilizaciones que ha generado paralizaron el sistema, dificultando la circulaci\u00f3n y complicando los desplazamientos. Distribuciones solidarias de verduras permitieron al Codetras entrar en estos lugares e intercambiar con sus habitantes<a href=\"#_ftn1\">[7]<\/a>. A lo largo de las conversaciones, vimos perfilarse los contornos y los fundamentos de esta puesta a disposici\u00f3n flexible de trabajadores, y se aclararon los mecanismos de un nuevo r\u00e9gimen de cautiverio, diferente del que se aplica a los temporeros magreb\u00edes en el marco de los contratos Ofii, aunque sea complementario de \u00e9ste.<\/p>\n\n\n\n<figure class=\"wp-block-gallery columns-2 is-cropped wp-block-gallery-1 is-layout-flex wp-block-gallery-is-layout-flex\"><ul class=\"blocks-gallery-grid\"><li class=\"blocks-gallery-item\"><figure><img loading=\"lazy\" decoding=\"async\" width=\"1024\" height=\"768\" src=\"http:\/\/www.codetras.org\/wp-content\/uploads\/2021\/02\/IMG_2049-1024x768.jpg\" alt=\"\" data-id=\"556\" data-full-url=\"http:\/\/www.codetras.org\/wp-content\/uploads\/2021\/02\/IMG_2049-scaled.jpg\" data-link=\"http:\/\/www.codetras.org\/index.php\/2021\/02\/25\/trabajadores-agricolas-desplazados-algunas-lecciones-de-la-crisis-sanitaria\/img_2049\/\" class=\"wp-image-556\" srcset=\"http:\/\/www.codetras.org\/wp-content\/uploads\/2021\/02\/IMG_2049-980x735.jpg 980w, http:\/\/www.codetras.org\/wp-content\/uploads\/2021\/02\/IMG_2049-480x360.jpg 480w\" sizes=\"(min-width: 0px) and (max-width: 480px) 480px, (min-width: 481px) and (max-width: 980px) 980px, (min-width: 981px) 1024px, 100vw\" \/><\/figure><\/li><li class=\"blocks-gallery-item\"><figure><img loading=\"lazy\" decoding=\"async\" width=\"254\" height=\"276\" src=\"http:\/\/www.codetras.org\/wp-content\/uploads\/2021\/02\/flotte.png\" alt=\"\" data-id=\"537\" data-full-url=\"http:\/\/www.codetras.org\/wp-content\/uploads\/2021\/02\/flotte.png\" data-link=\"http:\/\/www.codetras.org\/index.php\/2021\/02\/25\/trabajadores-agricolas-desplazados-algunas-lecciones-de-la-crisis-sanitaria\/flotte\/\" class=\"wp-image-537\"\/><\/figure><\/li><\/ul><figcaption class=\"blocks-gallery-caption\"><em>Flota de furgonetas de TF, Mas del Cast y reparto de verduras en el Mas de la Tr\u00e9sori\u00e8re, 16 de junio de 2020. &nbsp;Foto Codetras<\/em>.<\/figcaption><\/figure>\n\n\n\n<p><strong>\u00ab\u00a0Le dan a uno tantas vueltas\u00a0\u00bb: un ej\u00e9rcito de reserva desechable<\/strong><\/p>\n\n\n\n<p>Si, en el sistema Ofii, el contrato de temporada establece una relaci\u00f3n estrecha de dependencia entre el trabajador y su empleador, el trabajo prestado se basa en un v\u00ednculo mucho m\u00e1s tenue y resulta en una desechabilidad de los trabajadores. Al menor problema, se encuentran despedidos y colocados en uno de los lugares de tr\u00e1nsito mencionados arriba, a la espera de una nueva asignaci\u00f3n o de ser retornados a Espa\u00f1a. Para entenderlo, veamos el funcionamiento concreto de la prestaci\u00f3n operada por TF. Tras su contrataci\u00f3n en Murcia, donde la ETT tiene su sede, o en la sucursal de Almer\u00eda, los reclutas son trasladados a Francia en los autobuses de la agencia, que luego regresar\u00e1n cargados de los \u00ab\u00a0improductivos\u00a0\u00bb, los \u00ab\u00a0conflictivos\u00a0\u00bb y los enfermos. Este cruce tiene lugar f\u00edsicamente en los Mas o campamentos nombrados anteriormente que conforman bases de tr\u00e1nsito y almacenamiento, donde los desplazados est\u00e1n supervisados por un responsable de la vivienda (encargado), y tambi\u00e9n por los jefes de zona (corredores), que se encargan de llevarlos a las explotaciones y de ser una correa de transmisi\u00f3n entre las empresas utilizadoras y la ETT. Estos corredores desempe\u00f1an un papel fundamental para asegurar la flexibilidad de la prestaci\u00f3n. En el transcurso de una conversaci\u00f3n, Warren, corredor ecuatoriano describe su funci\u00f3n, mientras observa con el rabillo del ojo la distribuci\u00f3n de verduras organizada en Reveny 3. Desde hace un a\u00f1o se pasa la vida en una furgoneta blanca, este antiguo obrero ha engordado mucho. Su trabajo consiste en trasladar a los trabajadores entre fincas, pero tambi\u00e9n en gestionar todos los problemas que surgen con los agricultores. Explica que separa los grupos conflictivos y los divide en diferentes granjas. Si son demasiado disruptivos, acaban en los alojamientos de tr\u00e1nsito. Con una sonrisa y bajando la voz, dice que <em>\u00ab\u00a0eso es exactamente lo que ha sido complicado este a\u00f1o\u00a0\u00bb<\/em>. Con el coronavirus, hubo m\u00e1s candidatos de otros sectores en crisis, como el turismo. Trabajadores eventuales que \u00ab\u00a0no est\u00e1n acostumbrados al trabajo agr\u00edcola y son m\u00e1s problem\u00e1ticos\u00a0\u00bb. En este sistema, explica Warren, <em>\u00ab\u00a0el problema son siempre los nuevos\u201d<\/em>. En el Mas de la Tr\u00e9sori\u00e8re \u2013 Reveny 5 \u2013 el m\u00e1s rebelde y, por lo tanto, m\u00e1s mediatizado, es precisamente donde esos indisciplinados en espera de ser retornados fueron retenidos&#8230; y reunidos por la cuarentena.<\/p>\n\n\n\n<p><em>\u00ab\u00a0Hay casas llenas de gente que no trabaja. Es como un equipo de f\u00fatbol, siempre hay un sustituto\u00a0\u00bb<\/em>. Esta met\u00e1fora de Idriss resume perfectamente lo que ocurre aqu\u00ed. Esta complementado por otra f\u00f3rmula de Grazzia: <em>\u00ab\u00a0Echan conforme van trayendo\u00a0\u00bb<\/em>. Trabaja en Racamier, el mayor arboricultor de la Crau. A la salida de la estaci\u00f3n de embalaje este s\u00e1bado por la tarde, diez mujeres fueron despedidas por <em>\u00ab\u00a0bajo rendimiento\u00a0\u00bb<\/em>. Se les dio media hora para salir de sus casas y dejar su sitio a trabajadoras reci\u00e9n llegadas de Espa\u00f1a. Estas sustitutas, depositadas por bus la misma ma\u00f1ana, llevaban esperando desde las 5 de la ma\u00f1ana que se les asignara por fin una cama. Por la noche, una furgoneta llev\u00f3 a las despedidas al Mas de l&rsquo;Esp\u00e9rance \u2013 Reveny 3, en el que tendr\u00edan que esperar un cambio de empresa o la vuelta a Espa\u00f1a. Este ejemplo ilustra como la log\u00edstica establecida por TF permite crear localmente una reserva de mano de obra disponible, pero no necesariamente empleada. La existencia de esta \u00ab\u00a0relativa superpoblaci\u00f3n flotante\u00a0\u00bb<a href=\"#_ftn1\">[8]<\/a> permite imponer a los desplazados altos niveles de flexibilidad y disponibilidad. Es significativo que los trabajadores temporales no tengan un registro escrito de su contrato de trabajo, que firman digitalmente en una tableta.<\/p>\n\n\n\n<p>El fragmento de la trayectoria de Yvana, una de las despedidas mencionada arriba, ilustra esta flexi-inseguridad, que se acentu\u00f3 con la crisis sanitaria. Llegada a finales de abril, esta temporera boliviana cosech\u00f3 cerezas en Saint-Gilles durante una semana. Luego fue colocada en tr\u00e1nsito en el mas de la Tr\u00e9sori\u00e8re (Reveny 5), antes de ser destinada durante tres semanas a una estaci\u00f3n de embalaje de cerezas. Positiva al Covid tras una prueba en la estaci\u00f3n, pas\u00f3 el periodo de cuarentena aislada en el mas de l&rsquo;Esp\u00e9rance (Reveny 3) y luego en un Ehpad en desuso en Miramas convertido en centro de acogida durante la secuencia de los clusters. Una vez la cuarentena acabada, tuvo que esperar en el camping del Pilon d&rsquo;Agel antes de ser colocada en una nueva granja. Finalmente le ofrecieron una misi\u00f3n en otro centro de empaquetado, esta vez de melocotones en la empresa Racamier. Como no hab\u00eda ganado nada y no ten\u00eda dinero para comprar alimentos, un sindicalista le llev\u00f3 provisiones. Fue denunciada por sus colegas por dejar entrar a un hombre en la caravana en que el empresario la alojaba. Esta denuncia implic\u00f3 su despido y la vuelta a Reveny 3. Cuando la visitamos, todav\u00eda no se hab\u00eda resignado a volver a Espa\u00f1a como le urge la agencia de trabajo temporal, y se pasa el tiempo al tel\u00e9fono intentando desesperadamente conseguir un cambio de empresa por parte de intermediarios escurridizos.<\/p>\n\n\n\n<p>Colocados en estos alojamientos aislados, suspendidos en el tr\u00e1nsito, la mayor\u00eda de las veces los trabajadores acaban aceptando el retorno impuesto por la ETT. Abandonados a merced de los corredores que los ignoran o los llevan durante d\u00edas o incluso semanas en barco, se cansan de esta espera sin perspectiva en zonas rurales hostiles y aisladas. En este contexto, quiz\u00e1s lo m\u00e1s absurdo es que te digan en plena temporada que no hay empleo, cuando todos los compa\u00f1eros est\u00e1n trabajando y que siguen subiendo m\u00e1s gente desde Espa\u00f1a para reemplazarte.<\/p>\n\n\n\n<p><strong>Un sistema de control y sanci\u00f3n de la movilidad<\/strong><\/p>\n\n\n\n<p>La \u00ab\u00a0revocabilidad\u00a0\u00bb mencionada anteriormente va acompa\u00f1ada del control de la fuga de trabajadores que la agencia quiere conservar. Al llegar a Racamier el d\u00eda del citado despido colectivo, Irma decidi\u00f3 volver a Espa\u00f1a lo antes posible. Su negativa a sustituir a las trabajadoras despedidas, as\u00ed como las indecentes condiciones de alojamiento, provocaron en ella un reflejo de fuga. A continuaci\u00f3n, un mensaje de voz enviado por el coordinador de Terra Fecundis en Murcia le recuerda que no puede salir de la finca, ya que debe a la empresa 240 euros: 170 por el viaje en autob\u00fas y 70 por el examen del Covid-19 superado antes de la salida. Una cl\u00e1usula de su contrato prev\u00e9 una multa en caso de terminaci\u00f3n de la misi\u00f3n antes de 3 meses. El objetivo es compensar a la empresa por los \u00ab\u00a0costes asociados con una nueva transferencia\u00a0\u00bb. Para saldar su deuda, la agencia le ofrece trabajar una semana gratuitamente. La cereza del pastel: el mensaje trata de disuadirla de volver por su cuenta, alegando el riesgo que la cuarentenen de nuevo en la frontera.<\/p>\n\n\n\n<p>El caso de Irma no es un caso aislado. Muchos trabajadores se\u00f1alaron que quer\u00edan marcharse en los primeros d\u00edas, cambiar de empleador y\/o dejar las viviendas indignas que descubr\u00edan al estar colocados en una empresa. Se activa entonces el vals de los corredores, que vienen a explicar que la vivienda est\u00e1 vinculada al contrato y que, por lo tanto, el cambio es imposible. Les recuerdan la multa y les amenazan con devolverles a Espa\u00f1a. Hay que se\u00f1alar aqu\u00ed que otro elemento limita el margen de maniobra de estos trabajadores: su salario s\u00f3lo se paga al cabo de mes y medio. Sin dinero y supuestamente endeudados del coste del viaje de subida, los trabajadores desplazados se ven as\u00ed obligados a permanecer en el lugar. En Provenza, la prestaci\u00f3n transnacional de servicio se basa en una doble l\u00f3gica: stock y flujo. El objetivo es \u00ab\u00a0instalar\u00a0\u00bb un n\u00famero m\u00e1ximo de trabajadores desvinculados para hacer m\u00e1s fluido el mercado laboral agr\u00edcola local y traer de vuelta a Espa\u00f1a a los empleados menos productivos, los m\u00e1s exigentes, los enfermos y los accidentados. Las vueltas sirven como ejemplo para disciplinar a los que se quedan en Francia. Para orquestar este ballet permanente, las agencias cuentan con una flota de transporte internacional (autobuses) y local (furgonetas) y una infraestructura de alojamiento diversificada. El agarrotamiento de esta l\u00f3gica de flujos durante la crisis de Covid-19 plante\u00f3 problemas sanitarios a la agencia TF, poniendo de manifiesto la noria de los viajes, la indignidad de los alojamientos y la co-responsabilidad de los propietarios de esos lugares, que a menudo son ellos mismos usuarios de esta mano de obra. La l\u00f3gica del stock, por su parte, pretende fijar los trabajadores desplazados que llegan desde Espa\u00f1a al mercado laboral local, en particular ofreciendo trabajo continuo a los trabajadores leales a los corredores.<\/p>\n\n\n\n<p>La reserva de mano de obra as\u00ed creada y disciplinada permite a la ETT reducir los costes de transporte internacional y responder justo a tiempo a las demandas de las empresas usuarias proporcion\u00e1ndoles trabajadores que ya tienen experiencia laboral en Francia. Sin embargo, esta l\u00f3gica de almacenamiento en sitio lleva a las ETT y a los operadores a alejarse cada vez m\u00e1s del marco legal del \u00ednterin internacional. La situaci\u00f3n de relativa ilegalidad as\u00ed generada da lugar a un acuerdo t\u00e1cito entre los Estados (espa\u00f1ol y franc\u00e9s), las ETT, las empresas usuarias y los trabajadores. Desde este punto de vista, la cuesti\u00f3n del derecho de residencia de los trabajadores desplazados extracomunitarios es muy esclarecedora: al estar supuestamente introducidos por un periodo inferior a 3 meses, no est\u00e1n obligados de solicitar un permiso de residencia franc\u00e9s. Sin embargo, cuando se quedan m\u00e1s de tres meses, las ETT hacen recaer sobre los trabajadores temporales la obligaci\u00f3n de salir del pa\u00eds y volver a entrar para mantenerse en regla, as\u00ed como el coste que esto genera. El riesgo ligado a la ilegalidad que se deriva de la creaci\u00f3n de esta figura del \u00ab\u00a0desplazado permanente\u00a0\u00bb tiende a ser externalizado y asumido financiera y jur\u00eddicamente por el trabajador.<\/p>\n\n\n\n<p><strong>Del campamento al campo: del encierro al exceso de trabajo<\/strong><\/p>\n\n\n\n<p>La disciplina se ejerce tambi\u00e9n a trav\u00e9s el control del alojamiento, tanto en las granjas como en los lugares de tr\u00e1nsito. Limitar la movilidad de los trabajadores permite evitar los encuentros entre los desplazados y la poblaci\u00f3n exterior. El control esta facilitado por la ausencia de una frontera clara entre el trabajo y lo no laboral.<\/p>\n\n\n\n<p>En el expediente que se entrega a cada desplazado en el momento de su salida, el reglamento interno de la agencia TF espec\u00edfica <em>\u00ab\u00a0que ning\u00fan trabajador se desplazar\u00e1 en su propio veh\u00edculo sin autorizaci\u00f3n expresa de la empresa\u00a0\u00bb<\/em>; <em>\u00ab\u00a0que se proh\u00edbe el acceso de personal ajeno en los alojamientos\u00a0\u00bb<\/em>; que su asignaci\u00f3n la realiza TF; y que <em>\u00ab\u00a0ning\u00fan trabajador podr\u00e1 quedarse fuera\u00a0\u00bb<\/em>, de dichos alojamientos.<\/p>\n\n\n\n<p>En el camping tres estrellas de Noves, la mayor\u00eda de los veraneantes no saben que detr\u00e1s de la extra\u00f1a valla de tres metros que parece marcar los l\u00edmites del lugar, trabajadores de Terra Fecundis est\u00e1n alojados en 22 bungalows. El ap\u00e9ndice del reglamento expuesto en el mostrador de recepci\u00f3n recuerda lo siguiente: \u00ab\u00a0S\u00f3lo el sector 1 [<em>alojamiento recreativo<\/em>] puede entrar y salir de d\u00eda y de noche sin restricciones.\u00a0\u00bb La propietaria nos niega el acceso a la zona de los trabajadores, argumentando que \u00ab\u00a0el empresario no quiere que reciban visitas del exterior.\u201d Al vernos sorprendidas, completa: \u201cDespu\u00e9s de todo, son las leyes del camping&#8230; Para ser tratados como campistas, tendr\u00edan que pagar la tarifa de los campistas\u201d.<\/p>\n\n\n\n<p>Adem\u00e1s de estas reglas expl\u00edcitas, existen reglas t\u00e1citas. En el Mas de la Tr\u00e9sori\u00e8re (Reveny 5), Yoro explica que \u00ab\u00a0<em>las furgonetas no salen los domingos. No se nos permite salir a la ciudad. S\u00f3lo los s\u00e1bados\u201d<\/em>. Reforzado por las cuarentenas, este arresto domiciliario mantiene a los trabajadores temporales en lugares inh\u00f3spitos, cuyo car\u00e1cter insalubre ha sido reconocido por la prefectura.<\/p>\n\n\n\n<p>Alojada una noche en el alojamiento colectivo provisto por la empresa Racamier, Irma relata que \u00ab\u00a0la cocina estaba muy sucia y llena de moscas y mosquitos; hab\u00eda cloacas alrededor de las caravanas porque las tuber\u00edas estaban rotas y las aguas negras sal\u00edan directamente al exterior; los ba\u00f1os ol\u00edan tan mal que no se pod\u00eda permanecer dentro\u00a0\u00bb. Para las habitaciones, afirma que \u00ab\u00a0hab\u00eda menos de 20 cent\u00edmetros entre cada cama\u2026 ni llaves, ni cortina. Y mi colch\u00f3n estaba lleno de manchas de sangre, orina&#8230; y de mierda\u00a0\u00bb.<\/p>\n\n\n\n<figure class=\"wp-block-gallery columns-2 is-cropped wp-block-gallery-2 is-layout-flex wp-block-gallery-is-layout-flex\"><ul class=\"blocks-gallery-grid\"><li class=\"blocks-gallery-item\"><figure><img loading=\"lazy\" decoding=\"async\" width=\"768\" height=\"1024\" src=\"http:\/\/www.codetras.org\/wp-content\/uploads\/2021\/02\/IMG_2870-copia-768x1024.jpg\" alt=\"\" data-id=\"584\" data-full-url=\"http:\/\/www.codetras.org\/wp-content\/uploads\/2021\/02\/IMG_2870-copia-scaled.jpg\" data-link=\"http:\/\/www.codetras.org\/index.php\/2021\/02\/25\/trabajadores-agricolas-desplazados-algunas-lecciones-de-la-crisis-sanitaria\/img_2870-copia\/\" class=\"wp-image-584\"\/><\/figure><\/li><li class=\"blocks-gallery-item\"><figure><img loading=\"lazy\" decoding=\"async\" width=\"1024\" height=\"768\" src=\"http:\/\/www.codetras.org\/wp-content\/uploads\/2021\/02\/27-1024x768.jpg\" alt=\"\" data-id=\"583\" data-full-url=\"http:\/\/www.codetras.org\/wp-content\/uploads\/2021\/02\/27-scaled.jpg\" data-link=\"http:\/\/www.codetras.org\/index.php\/2021\/02\/25\/trabajadores-agricolas-desplazados-algunas-lecciones-de-la-crisis-sanitaria\/attachment\/27\/\" class=\"wp-image-583\" srcset=\"http:\/\/www.codetras.org\/wp-content\/uploads\/2021\/02\/27-980x735.jpg 980w, http:\/\/www.codetras.org\/wp-content\/uploads\/2021\/02\/27-480x360.jpg 480w\" sizes=\"(min-width: 0px) and (max-width: 480px) 480px, (min-width: 481px) and (max-width: 980px) 980px, (min-width: 981px) 1024px, 100vw\" \/><figcaption class=\"blocks-gallery-item__caption\">EARL Racamier, Photo Codetras<\/figcaption><\/figure><\/li><\/ul><\/figure>\n\n\n\n<p>En el verano de 2020, la cuesti\u00f3n de las condiciones de trabajo fue poco considerada por el tratamiento institucional y medi\u00e1tico del desplazamiento, principalmente evocado a trav\u00e9s de la problem\u00e1tica sanitaria. Cuestionado por peri\u00f3dicos locales, agricultores admitieron sin embargo \u201ctrabajar con Terras\u201d, ya que ser\u00edan los \u00fanicos que trabajan<a href=\"#_ftn1\">[9]<\/a>. \u00bfQu\u00e9 significa trabajar en la llanura de la Crau? Los trabajadores cuentan que se ven obligados a empezar 15 a 20 minutos antes de la hora sin cobrar ya que los desplazamientos est\u00e1n organizados por la agencia. Informan de que el desplazamiento entre parcelas no se cuenta como tiempo de trabajo.<\/p>\n\n\n\n<figure class=\"wp-block-image size-large\"><img loading=\"lazy\" decoding=\"async\" width=\"1024\" height=\"683\" src=\"http:\/\/www.codetras.org\/wp-content\/uploads\/2021\/02\/IMG_5126-1024x683.jpg\" alt=\"\" class=\"wp-image-600\" srcset=\"http:\/\/www.codetras.org\/wp-content\/uploads\/2021\/02\/IMG_5126-980x653.jpg 980w, http:\/\/www.codetras.org\/wp-content\/uploads\/2021\/02\/IMG_5126-480x320.jpg 480w\" sizes=\"(min-width: 0px) and (max-width: 480px) 480px, (min-width: 481px) and (max-width: 980px) 980px, (min-width: 981px) 1024px, 100vw\" \/><figcaption>Serres de salade, Maillane, Photo Codetras.<\/figcaption><\/figure>\n\n\n\n<p>En varias granjas, aunque trabajan en pleno sol, los trabajadores tienen que llevar su agua: \u00ab\u00a0Todos los d\u00edas me llev\u00f3 4 litros.\u00a0\u00bb En algunos casos, no se les permite beber hasta que terminen su l\u00ednea. Tambi\u00e9n se\u00f1alan que ellos mismos se preparan la comida, mientras que en el marco de la prestaci\u00f3n transnacional de servicio deber\u00eda proporcionarla el empresario.<\/p>\n\n\n\n<p>Pero es la intensidad del trabajo y la acumulaci\u00f3n de horas lo que parece m\u00e1s dif\u00edcil de soportar. En la granja de melones donde aterrizaron, Gabriel y Abdoulaye han tenido que trabajar d\u00edas de 11 horas y 30, semanas de 68 horas y m\u00e1s de 10 d\u00edas sin descanso: mucho m\u00e1s de lo que permite la legislaci\u00f3n laboral. Un examen de sus n\u00f3minas muestra una p\u00e9rdida de ingresos de 1.000 euros para cada uno por un mes y medio de trabajo, debido a que no se pagaron como tal las numerosas horas extraordinarias trabajadas. Betty, que trabaja como empaquetadora de melocotones, tambi\u00e9n tuvo que trabajar 11 horas al d\u00eda. A estas largas jornadas se suman los abusos de la c\u00fapula: \u00ab\u00a0La jefa es mala. Nos da patadas. Racamier, nosotras lo llamamos Racamierda.\u00a0\u00bb Mariela tambi\u00e9n destaca la brutalidad del mando, que forma parte de la organizaci\u00f3n del trabajo excesivo, y a\u00f1ade que las supervisoras rumanas se pasan el tiempo gritando y amenazando: \u00ab\u00a0Te vas a casa\u201d. Por \u00faltimo, el caso de David ilustra que el despido tambi\u00e9n puede utilizarse para romper las pr\u00e1cticas de frenado colectivo. Este trabajador subsahariano fue puesto en espera en el Mas de l&rsquo;Esp\u00e9rance por intentar ralentizar el ritmo de aclareo en una finca arbor\u00edcola: <em>\u00ab\u00a0Hay un tipo que me grab\u00f3 mientras dec\u00eda que hay que ir m\u00e1s despacio en el trabajo. He dicho que hay que demorar un poco, para que se acabe demasiado r\u00e1pidamente el trabajo. Envi\u00f3 esto al jefe.\u00bb<\/em><\/p>\n\n\n\n<p>Al centrarse en la frontera franco-espa\u00f1ola y en la prestaci\u00f3n de servicio en la agricultura provenzal, la investigaci\u00f3n colectiva dej\u00f3 claro que la anunciada escasez de mano de obra no tuvo lugar. La evasi\u00f3n \u00ab\u00a0clandestina\u00a0\u00bb del control fronterizo<a href=\"#_ftn2\">[2]<\/a> y la introducci\u00f3n de un sistema de derogaciones para dejar entrar los temporeros permitieron a las ETT y al Estado garantizar la continuidad del suministro de mano de obra extranjera, manteniendo la apariencia de respeto de los derechos de los trabajadores y del control sanitario. En este sentido, la crisis de Covid-19 ha puesto de manifiesto la relaci\u00f3n contradictoria entre el discurso de seguridad del Estado y las pr\u00e1cticas concretas de gesti\u00f3n de la movilidad laboral. La frontera funciona a menudo menos como un verdadero muro que como un filtro neoliberal que permite, por un lado, adaptar las movilidades a las necesidades y temporalidades productivas y, por el otro, precarizar la existencia de los migrantes para someterlos a condiciones de trabajo indignas.<\/p>\n\n\n\n<p>Mientras que en la \u00e9poca del cierre oficial de las fronteras los productores alababan en la prensa las cualidades excepcionales de \u00ab\u00a0sus\u00a0\u00bb trabajadores agr\u00edcolas extranjeros, \u00e9stos han visto en general c\u00f3mo se deterioraban sus condiciones de vida y de trabajo. Las medidas de salud p\u00fablica adoptadas, destinadas principalmente a evitar el contacto con la poblaci\u00f3n local, no han conseguido protegerles de la transmisi\u00f3n viral durante los viajes, el trabajo o en los alojamientos colectivos. Peor, las cuarentenas, que agruparon a los enfermos y a los casos contacto en las zonas de tr\u00e1nsito, han puesto en peligro a las personas por la sobreexposici\u00f3n al Covid-19. Los desplazados fueron sometidos a un trato discriminatorio y a medidas de exclusi\u00f3n que agravaron el largo confinamiento impuesto desde d\u00e9cadas por el Estado y los empresarios a los trabajadores extranjeros.<\/p>\n\n\n\n<blockquote class=\"wp-block-quote is-layout-flow wp-block-quote-is-layout-flow\"><p><strong>\u00bfQu\u00e9 hace la justicia?<\/strong><\/p><p>En 2020, varias denuncias llevaron a condenar a empresas de trabajo temporal y sus clientes.<\/p><p>La ETT Safor Temporis emple\u00f3 a 2199 personas entre 2011 y 2016, prestadas en 18 explotaciones situadas en la regi\u00f3n PACA, pero tambi\u00e9n en R\u00f3dano, Gironda y Altos Pirineos. En una sentencia fechada el 8 de abril de 2020, el tribunal penal de Avi\u00f1\u00f3n impuso a la empresa espa\u00f1ola una multa de 75.000 euros y la conden\u00f3 a pagar 6,3 millones de euros a la Mutualidad Social Agr\u00edcola, la Seguridad Social de los trabajadores del campo. Corresponde al importe estimado de las cotizaciones que deber\u00edan haber pagado en Francia, ya que no cumpl\u00edan con las condiciones de desplazamiento. Su director fue condenado a 18 meses de prisi\u00f3n de ejecuci\u00f3n condicional.<\/p><p>El 22 de septiembre de 2020, el tribunal laboral de Arles conden\u00f3 a la empresa de trabajo temporal Laboral Terra 2010 por incumplir sus obligaciones legales y contractuales en materia de salario m\u00ednimo, pago de horas extraordinarias, vacaciones pagadas, as\u00ed como por retenciones fraudulentas sobre salarios, privaci\u00f3n de revisiones m\u00e9dicas antes de la contrataci\u00f3n y despido de una mujer embarazada. La sentencia tambi\u00e9n reconoce la responsabilidad solidaria de las ocho empresas usuarias francesas, que pagar\u00e1n las cantidades pendientes a los cinco trabajadores desplazados y a los organismos de la Seguridad Social, ya que la empresa espa\u00f1ola fue declarada en quiebra a principios de 2020. Sin embargo, se teme que una aplicaci\u00f3n defectuosa de la legislaci\u00f3n sobre el fraude en el desplazamiento, el trabajo no declarado y el pr\u00e9stamo ilegal de mano de obra pueda socavar las garant\u00edas legales y las compensaciones monetarias ofrecidas a los trabajadores desplazados.<\/p><p>El 17 de mayo de 2021 tendr\u00e1 lugar en Marsella el juicio a la empresa Terra Fecundis, que desplaz\u00f3 en Francia a trabajadores en 535 explotaciones agr\u00edcolas y 35 departamentos y est\u00e1 acusada de \u00ab\u00a0trabajo ilegal\u00a0\u00bb y \u00ab\u00a0empleo de extranjeros sin t\u00edtulo\u00a0\u00bb. Entre 2016 y 2019, esta empresa espa\u00f1ola envi\u00f3 m\u00e1s de 10.000 trabajadores agr\u00edcolas a Francia, por un volumen de negocio anual alcanzando 50 a 70 millones de euros, de los cuales entre el 70 y el 80% se generaron en el territorio nacional, seg\u00fan la Direcci\u00f3n Occitana. En el periodo de 2012 a 2015, 112 millones de euros habr\u00edan escapado a la seguridad social. Otra demanda, en relaci\u00f3n con TF, apunta a la EARL Les Sources por homicidio en la persona de Elio Maldonado Granda, que muri\u00f3 de deshidrataci\u00f3n mientras recog\u00eda melones*. Diez a\u00f1os despu\u00e9s de los hechos, el caso est\u00e1 en apelaci\u00f3n ante el tribunal de Tarasc\u00f3n.<\/p><p>* M\u00e1s recientemente en Espa\u00f1a, Eleazar Bland\u00f3n muri\u00f3 el 1 de agosto 2020 de un golpe de calor, abandonado en un centro de salud de Murcia, tras jornadas de 11 horas a m\u00e1s de 40 grados, sin agua.<\/p><\/blockquote>\n\n\n\n<figure class=\"wp-block-image is-resized\"><img loading=\"lazy\" decoding=\"async\" src=\"http:\/\/www.codetras.org\/wp-content\/uploads\/2021\/02\/imagen-4.png\" alt=\"L\u2019attribut alt de cette image est vide, son nom de fichier est imagen-4.png.\" width=\"243\" height=\"301\"\/><\/figure>\n\n\n\n<hr class=\"wp-block-separator\"\/>\n\n\n\n<p> <a href=\"http:\/\/www.codetras.org\/wp-admin\/post.php?post=521&amp;action=edit#_ftnref1\">[1]<\/a> Adem\u00e1s de los autores, tambi\u00e9n participaron en el trabajo de investigaci\u00f3n P. Chappart, J. Y. Constantin, C. Devret, L. Donnaiola, S. Lana, E. Madrid Rojas, T. Mainguy-Hermelin, A. Poisson, H. Servel, Peter, Matthieu, Louisa, Cl\u00e9ment, Tita. Salvo que se indique lo contrario, los extractos utilizados en este art\u00edculo son el resultado de los intercambios entre los miembros del Codetras y las personas reunidas en el Mas du Cast, de l&rsquo;Esp\u00e9rance, de la Tr\u00e9sori\u00e8re, en el camping del Pilon d&rsquo;Agel y en los alojamientos de unos de los mayores arboricultores del departamento, entre el 16 de junio y el 31 de julio de 2020. Las entrevistas y conversaciones tuvieron lugar en estos lugares o en los caf\u00e9s de los pueblos vecinos. Los nombres han sido cambiados.<\/p>\n\n\n\n<p><a href=\"#_ftnref1\">[2]<\/a> V\u00e9ase el informe senatorial \u00ab\u00a0El futuro del sector agr\u00edcola de aqu\u00ed a 2050\u00a0\u00bb y el sitio: desbras- pourtonassiette.wizi.farm = brazosparatuplato.<\/p>\n\n\n\n<p><a href=\"#_ftnref2\">[3]<\/a> De la horquilla al tenedor<\/p>\n\n\n\n<p><a href=\"#_ftnref1\">[4]<\/a> Encuesta, \u00abdesplazados como ganado\u00bb, L\u2019arl\u00e9sienne, Novembre 2020, \u00c9ric Besatti.<\/p>\n\n\n\n<p><a href=\"#_ftnref2\">[5]<\/a> Entre mediados de marzo y principios de mayo, los autobuses y camiones de TF evitan Le Perthus, el punto de entrada que suele utilizar la agencia para prestar trabajadores al sureste de Francia, y cruzan la frontera por el Pa\u00eds Vasco.<\/p>\n\n\n\n<p><a href=\"#_ftnref1\">[6]<\/a> Para Marx, trabajadores temporalmente sin trabajo.<\/p>\n\n\n\n<p><a href=\"#_ftnref1\">[7]<\/a> Art\u00edculo L. 1262-4 del C\u00f3digo del Trabajo.<\/p>\n\n\n\n<p><a href=\"#_ftnref2\">[8]<\/a> V\u00e9ase \u00ab\u00a0Saisonniers agricoles : premi\u00e8res victoires\u00a0\u00bb en Plein droit n\u00b0 82, 2009 [en l\u00ednea] y el n\u00ba 78 de Plein droit \u00ab\u00a0Saisonniers en servage\u00a0\u00bb, 2008 [en l\u00ednea].<\/p>\n\n\n\n<p><a href=\"#_ftnref3\">[9]<\/a> Base de datos proporcionada por el Servicio de estudios, informes y estad\u00edsticas de la Ofii, 2019.<\/p>\n\n\n\n<p><a href=\"#_ftnref4\">[10]<\/a> Datos facilitados por la direcci\u00f3n regional de empresas, competencia, consumo, trabajo y empleo, 1 de agosto de 2019<\/p>\n\n\n\n<p>Fuente : Plein Droit, n\u00b0127, diciembre 2020, revista del Gisti (Grupo de informaci\u00f3n y de ayuda a l.x.s inmigrantes). Numero tem\u00e1tico: COVID en todas partes, justicia en ninguna. Autores: <strong>Lucio Castracani, Fr\u00e9d\u00e9ric D\u00e9cosse, Emmanuelle Hellio, B\u00e9atrice M\u00e9sini et Juana Moreno Nieto, <\/strong><em>COlectivo de DEfensa de los TRabajadores Agr\u00edcolaS (Codetras)<\/em><\/p>\n\n\n\n<p><strong>Para conocer m\u00e1s sobre los derechos aplicables en caso de prestaci\u00f3n transnacional de servicio :<\/strong><\/p>\n\n\n\n<p><a href=\"https:\/\/travail-emploi.gouv.fr\/droit-du-travail\/detachement-des-salaries\/el-desplazamiento-de-los-trabajadores\/\">https:\/\/travail-emploi.gouv.fr\/droit-du-travail\/detachement-des-salaries\/el-desplazamiento-de-los-trabajadores\/<\/a><\/p>\n","protected":false},"excerpt":{"rendered":"<p>Con la crisis del Covid-19, la figura m\u00edtica del fontanero polaco ha sido sustituida por la del trabajador agr\u00edcola espa\u00f1ol desplazado. Al igual que al primero, se le acusa de ser una pieza del engranaje del dumping social, pero tambi\u00e9n, y esto es una novedad, un vector de contagio de la actual pandemia de Covid-19. [&hellip;]<\/p>\n","protected":false},"author":1,"featured_media":0,"comment_status":"closed","ping_status":"closed","sticky":false,"template":"","format":"standard","meta":{"_et_pb_use_builder":"","_et_pb_old_content":"","_et_gb_content_width":"","footnotes":""},"categories":[1],"tags":[],"class_list":["post-521","post","type-post","status-publish","format-standard","hentry","category-non-classe"],"_links":{"self":[{"href":"https:\/\/www.codetras.org\/index.php\/wp-json\/wp\/v2\/posts\/521","targetHints":{"allow":["GET"]}}],"collection":[{"href":"https:\/\/www.codetras.org\/index.php\/wp-json\/wp\/v2\/posts"}],"about":[{"href":"https:\/\/www.codetras.org\/index.php\/wp-json\/wp\/v2\/types\/post"}],"author":[{"embeddable":true,"href":"https:\/\/www.codetras.org\/index.php\/wp-json\/wp\/v2\/users\/1"}],"replies":[{"embeddable":true,"href":"https:\/\/www.codetras.org\/index.php\/wp-json\/wp\/v2\/comments?post=521"}],"version-history":[{"count":30,"href":"https:\/\/www.codetras.org\/index.php\/wp-json\/wp\/v2\/posts\/521\/revisions"}],"predecessor-version":[{"id":611,"href":"https:\/\/www.codetras.org\/index.php\/wp-json\/wp\/v2\/posts\/521\/revisions\/611"}],"wp:attachment":[{"href":"https:\/\/www.codetras.org\/index.php\/wp-json\/wp\/v2\/media?parent=521"}],"wp:term":[{"taxonomy":"category","embeddable":true,"href":"https:\/\/www.codetras.org\/index.php\/wp-json\/wp\/v2\/categories?post=521"},{"taxonomy":"post_tag","embeddable":true,"href":"https:\/\/www.codetras.org\/index.php\/wp-json\/wp\/v2\/tags?post=521"}],"curies":[{"name":"wp","href":"https:\/\/api.w.org\/{rel}","templated":true}]}}